{"id":34009,"date":"2024-07-17T15:00:00","date_gmt":"2024-07-17T13:00:00","guid":{"rendered":"https:\/\/stresafestival.jamarea.com\/ludovico-einaudi-in-a-time-lapse-reimagined\/"},"modified":"2024-04-10T04:19:09","modified_gmt":"2024-04-10T04:19:09","slug":"ludovico-einaudi-in-a-time-lapse-reimagined","status":"publish","type":"post","link":"https:\/\/www.stresafestival.eu\/en\/ludovico-einaudi-in-a-time-lapse-reimagined\/","title":{"rendered":"Ludovico Einaudi &#8211; In A Time Lapse Reimagined"},"content":{"rendered":"\t\t<div data-elementor-type=\"wp-post\" data-elementor-id=\"34009\" class=\"elementor elementor-34009 elementor-29028\" data-elementor-post-type=\"post\">\n\t\t\t\t\t\t<section class=\"elementor-section elementor-top-section elementor-element elementor-element-223a6248 elementor-section-boxed elementor-section-height-default elementor-section-height-default qodef-elementor-content-no qodef-elementor-stretch-row-no qodef-elementor-overlay-no\" data-id=\"223a6248\" data-element_type=\"section\">\n\t\t\t\t\t\t<div class=\"elementor-container elementor-column-gap-default\">\n\t\t\t\t\t<div class=\"elementor-column elementor-col-100 elementor-top-column elementor-element elementor-element-15868ad6\" data-id=\"15868ad6\" data-element_type=\"column\">\n\t\t\t<div class=\"elementor-widget-wrap elementor-element-populated\">\n\t\t\t\t\t\t<div class=\"elementor-element elementor-element-5badd37e elementor-widget-divider--view-line elementor-widget elementor-widget-divider\" data-id=\"5badd37e\" data-element_type=\"widget\" data-widget_type=\"divider.default\">\n\t\t\t\t<div class=\"elementor-widget-container\">\n\t\t\t\t\t\t\t<div class=\"elementor-divider\">\n\t\t\t<span class=\"elementor-divider-separator\">\n\t\t\t\t\t\t<\/span>\n\t\t<\/div>\n\t\t\t\t\t\t<\/div>\n\t\t\t\t<\/div>\n\t\t\t\t<div class=\"elementor-element elementor-element-2f5f6197 elementor-widget elementor-widget-text-editor\" data-id=\"2f5f6197\" data-element_type=\"widget\" data-widget_type=\"text-editor.default\">\n\t\t\t\t<div class=\"elementor-widget-container\">\n\t\t\t\t\t\t\t\t\t<h5><strong>Ludovico Einaudi in concerto il 17 luglio <br \/><\/strong><strong>con <\/strong><strong><em>In A Time Lapse Reimagined<br \/><\/em><\/strong><strong>prevendite dal 18 aprile<\/strong><\/h5>\t\t\t\t\t\t\t\t<\/div>\n\t\t\t\t<\/div>\n\t\t\t\t<div class=\"elementor-element elementor-element-7cd3ea87 elementor-widget-divider--view-line elementor-widget elementor-widget-divider\" data-id=\"7cd3ea87\" data-element_type=\"widget\" data-widget_type=\"divider.default\">\n\t\t\t\t<div class=\"elementor-widget-container\">\n\t\t\t\t\t\t\t<div class=\"elementor-divider\">\n\t\t\t<span class=\"elementor-divider-separator\">\n\t\t\t\t\t\t<\/span>\n\t\t<\/div>\n\t\t\t\t\t\t<\/div>\n\t\t\t\t<\/div>\n\t\t\t\t\t<\/div>\n\t\t<\/div>\n\t\t\t\t\t<\/div>\n\t\t<\/section>\n\t\t\t\t<section class=\"elementor-section elementor-top-section elementor-element elementor-element-604f2809 elementor-section-full_width elementor-section-height-default elementor-section-height-default qodef-elementor-content-no qodef-elementor-stretch-row-no qodef-elementor-overlay-no\" data-id=\"604f2809\" data-element_type=\"section\">\n\t\t\t\t\t\t<div class=\"elementor-container elementor-column-gap-default\">\n\t\t\t\t\t<div class=\"elementor-column elementor-col-100 elementor-top-column elementor-element elementor-element-693f97c1\" data-id=\"693f97c1\" data-element_type=\"column\">\n\t\t\t<div class=\"elementor-widget-wrap elementor-element-populated\">\n\t\t\t\t\t\t<section class=\"elementor-section elementor-inner-section elementor-element elementor-element-50c97d73 elementor-section-boxed elementor-section-height-default elementor-section-height-default qodef-elementor-content-no qodef-elementor-stretch-row-no qodef-elementor-overlay-no\" data-id=\"50c97d73\" data-element_type=\"section\">\n\t\t\t\t\t\t<div class=\"elementor-container elementor-column-gap-default\">\n\t\t\t\t\t<div class=\"elementor-column elementor-col-100 elementor-inner-column elementor-element elementor-element-cd56bf2\" data-id=\"cd56bf2\" data-element_type=\"column\">\n\t\t\t<div class=\"elementor-widget-wrap elementor-element-populated\">\n\t\t\t\t\t\t<div class=\"elementor-element elementor-element-77799cf5 elementor-widget elementor-widget-text-editor\" data-id=\"77799cf5\" data-element_type=\"widget\" data-widget_type=\"text-editor.default\">\n\t\t\t\t<div class=\"elementor-widget-container\">\n\t\t\t\t\t\t\t\t\t<p><a href=\"https:\/\/ludovicoeinaudi.com\/\"><strong>Ludovico Einaudi <\/strong><\/a><strong>sar\u00e0 uno degli ospiti principali dell\u2019edizione 2024 di Stresa Festival<\/strong>, che quest\u2019anno avr\u00e0 un focus sul composito universo del pianoforte: il pianista e compositore torinese, ben noto al di l\u00e0 del mondo della musica classica, si esibir\u00e0 <strong>mercoled\u00ec 17 luglio alla <a href=\"https:\/\/www.stresafestival.eu\/festival\/stresa-festival-hall\/\">Stresa Festival Hall<\/a><\/strong>, insieme a un gruppo di musicisti comprendente Federico Mecozzi, violino e viola,\u00a0Redi Hasa, violoncello e violoncello elettrico,\u00a0Rocco Nigro, fisarmonica,\u00a0Alberto Fabris, basso elettrico e basso synth,\u00a0Sebastiano De Gennaro, percussioni,\u00a0Gianluca Mancini, live electronics e il polistrumentista\u00a0Francesco Arcuri. <strong>Nell\u2019occasione Einaudi riproporr\u00e0, a dieci anni dall\u2019uscita, uno dei suoi album pi\u00f9 significativi e amati,\u00a0<em>In A Time Lapse<\/em>,\u00a0per immaginarlo in una nuova maniera con un nuovo organico strumentale.<\/strong> Da qui il titolo di\u00a0<strong><em>In A Time Lapse Reimagined<\/em><\/strong>.<\/p><p>Il concerto di Ludovico Einaudi a Stresa \u00e8 inserito in un tour di poche, selezionate date italiane che, come annunciato da Ponderosa Music &amp; Arts, management dell\u2019artista, partir\u00e0 il 10 luglio dall\u2019Arena di Verona per fare poi tappa il 12 luglio dall\u2019\u2019Anfiteatro degli Scavi di Pompei, il 13 e 14 all\u2019 Auditorium Parco della Musica di Roma e quindi il 17 sulle rive dal Lago Maggiore.<br \/><br \/><strong>Biglietti disponibili dal 18 aprile<\/strong> sul circuito Vivaticket.<br \/><strong>Iscriviti alla newsletter: solo cos\u00ec puoi essere aggiornato e non perderti questo straordinario appuntamento!<br \/><\/strong><\/p>\t\t\t\t\t\t\t\t<\/div>\n\t\t\t\t<\/div>\n\t\t\t\t<div class=\"elementor-element elementor-element-590595d elementor-widget elementor-widget-image\" data-id=\"590595d\" data-element_type=\"widget\" data-widget_type=\"image.default\">\n\t\t\t\t<div class=\"elementor-widget-container\">\n\t\t\t\t\t\t\t\t\t\t\t\t\t\t\t<img fetchpriority=\"high\" decoding=\"async\" width=\"1800\" height=\"1200\" src=\"https:\/\/www.stresafestival.eu\/wp-content\/uploads\/2024\/02\/STRESA-FESTIVAL-20240717-LUDOVICO-EINAUDI-SUMMER-TOUR-2024-1800x1200-1.jpg\" class=\"attachment-full size-full wp-image-30618\" alt=\"\" srcset=\"https:\/\/www.stresafestival.eu\/wp-content\/uploads\/2024\/02\/STRESA-FESTIVAL-20240717-LUDOVICO-EINAUDI-SUMMER-TOUR-2024-1800x1200-1.jpg 1800w, https:\/\/www.stresafestival.eu\/wp-content\/uploads\/2024\/02\/STRESA-FESTIVAL-20240717-LUDOVICO-EINAUDI-SUMMER-TOUR-2024-1800x1200-1-300x200.jpg 300w, https:\/\/www.stresafestival.eu\/wp-content\/uploads\/2024\/02\/STRESA-FESTIVAL-20240717-LUDOVICO-EINAUDI-SUMMER-TOUR-2024-1800x1200-1-1024x683.jpg 1024w, https:\/\/www.stresafestival.eu\/wp-content\/uploads\/2024\/02\/STRESA-FESTIVAL-20240717-LUDOVICO-EINAUDI-SUMMER-TOUR-2024-1800x1200-1-768x512.jpg 768w, https:\/\/www.stresafestival.eu\/wp-content\/uploads\/2024\/02\/STRESA-FESTIVAL-20240717-LUDOVICO-EINAUDI-SUMMER-TOUR-2024-1800x1200-1-1536x1024.jpg 1536w\" sizes=\"(max-width: 1800px) 100vw, 1800px\" \/>\t\t\t\t\t\t\t\t\t\t\t\t\t\t\t<\/div>\n\t\t\t\t<\/div>\n\t\t\t\t\t<\/div>\n\t\t<\/div>\n\t\t\t\t\t<\/div>\n\t\t<\/section>\n\t\t\t\t\t<\/div>\n\t\t<\/div>\n\t\t\t\t\t<\/div>\n\t\t<\/section>\n\t\t\t\t<section class=\"elementor-section elementor-top-section elementor-element elementor-element-62313e4c elementor-section-boxed elementor-section-height-default elementor-section-height-default qodef-elementor-content-no qodef-elementor-stretch-row-no qodef-elementor-overlay-no\" data-id=\"62313e4c\" data-element_type=\"section\">\n\t\t\t\t\t\t<div class=\"elementor-container elementor-column-gap-default\">\n\t\t\t\t\t<div class=\"elementor-column elementor-col-100 elementor-top-column elementor-element elementor-element-3194fe76\" data-id=\"3194fe76\" data-element_type=\"column\">\n\t\t\t<div class=\"elementor-widget-wrap elementor-element-populated\">\n\t\t\t\t\t\t<div class=\"elementor-element elementor-element-7382b443 elementor-widget elementor-widget-image\" data-id=\"7382b443\" data-element_type=\"widget\" data-widget_type=\"image.default\">\n\t\t\t\t<div class=\"elementor-widget-container\">\n\t\t\t\t\t\t\t\t\t\t\t\t\t\t\t<img decoding=\"async\" width=\"330\" height=\"219\" src=\"https:\/\/www.stresafestival.eu\/wp-content\/uploads\/2024\/02\/Logo_Stresa-festival_verticale_nero-1.svg\" class=\"attachment-menu-thumb size-menu-thumb wp-image-30507\" alt=\"\" \/>\t\t\t\t\t\t\t\t\t\t\t\t\t\t\t<\/div>\n\t\t\t\t<\/div>\n\t\t\t\t\t<\/div>\n\t\t<\/div>\n\t\t\t\t\t<\/div>\n\t\t<\/section>\n\t\t\t\t<section class=\"elementor-section elementor-top-section elementor-element elementor-element-78aceccd elementor-section-full_width elementor-section-height-default elementor-section-height-default qodef-elementor-content-no qodef-elementor-stretch-row-no qodef-elementor-overlay-no\" data-id=\"78aceccd\" data-element_type=\"section\">\n\t\t\t\t\t\t<div class=\"elementor-container elementor-column-gap-default\">\n\t\t\t\t\t\t<\/div>\n\t\t<\/section>\n\t\t\t\t<\/div>\n\t\t","protected":false},"excerpt":{"rendered":"<p>Ludovico Einaudi in concerto il 17 luglio con In A Time Lapse Reimaginedprevendite dal 18 aprile Ludovico Einaudi sar\u00e0 uno degli ospiti principali dell\u2019edizione 2024 di Stresa Festival, che quest\u2019anno avr\u00e0 un focus sul composito universo del pianoforte: il pianista e compositore torinese, ben noto al di l\u00e0 del mondo della musica classica, si esibir\u00e0 [&hellip;]<\/p>\n","protected":false},"author":1,"featured_media":30880,"comment_status":"closed","ping_status":"closed","sticky":false,"template":"","format":"standard","meta":{"footnotes":""},"categories":[151,142,140],"tags":[196,197,198,199,200],"class_list":["post-34009","post","type-post","status-publish","format-standard","has-post-thumbnail","hentry","category-artists","category-news-en","category-stresa-festival-2024-en","tag-lago-maggiore-en","tag-stresa-en","tag-stresa-festival-en","tag-stresa-festival-2024-en","tag-stresa-festival-hall-en"],"yoast_head":"<!-- This site is optimized with the Yoast SEO plugin v27.4 - https:\/\/yoast.com\/product\/yoast-seo-wordpress\/ -->\n<title>Ludovico Einaudi - In A Time Lapse Reimagined - Stresa Festival Classica &amp; Jazz Lago Maggiore<\/title>\n<meta name=\"robots\" content=\"index, follow, max-snippet:-1, max-image-preview:large, max-video-preview:-1\" \/>\n<link rel=\"canonical\" href=\"https:\/\/www.stresafestival.eu\/en\/ludovico-einaudi-in-a-time-lapse-reimagined\/\" \/>\n<meta property=\"og:locale\" content=\"en_US\" \/>\n<meta property=\"og:type\" content=\"article\" \/>\n<meta property=\"og:title\" content=\"Ludovico Einaudi - In A Time Lapse Reimagined - Stresa Festival Classica &amp; Jazz Lago Maggiore\" \/>\n<meta property=\"og:description\" content=\"Ludovico Einaudi in concerto il 17 luglio con In A Time Lapse Reimaginedprevendite dal 18 aprile Ludovico Einaudi sar\u00e0 uno degli ospiti principali dell\u2019edizione 2024 di Stresa Festival, che quest\u2019anno avr\u00e0 un focus sul composito universo del pianoforte: il pianista e compositore torinese, ben noto al di l\u00e0 del mondo della musica classica, si esibir\u00e0 [&hellip;]\" \/>\n<meta property=\"og:url\" content=\"https:\/\/www.stresafestival.eu\/en\/ludovico-einaudi-in-a-time-lapse-reimagined\/\" \/>\n<meta property=\"og:site_name\" content=\"Stresa Festival Classica &amp; Jazz Lago Maggiore\" \/>\n<meta property=\"article:published_time\" content=\"2024-07-17T13:00:00+00:00\" \/>\n<meta property=\"og:image\" content=\"https:\/\/www.stresafestival.eu\/wp-content\/uploads\/2024\/02\/STRESA-FESTIVAL-2024-LUDOVICO-EINAUDI-SUMMER-TOUR-2024.jpg\" \/>\n\t<meta property=\"og:image:width\" content=\"600\" \/>\n\t<meta property=\"og:image:height\" content=\"600\" \/>\n\t<meta property=\"og:image:type\" content=\"image\/jpeg\" \/>\n<meta name=\"author\" content=\"Stresa Festival\" \/>\n<meta name=\"twitter:card\" content=\"summary_large_image\" \/>\n<meta name=\"twitter:label1\" content=\"Written by\" \/>\n\t<meta name=\"twitter:data1\" content=\"Stresa Festival\" \/>\n\t<meta name=\"twitter:label2\" content=\"Est. reading time\" \/>\n\t<meta name=\"twitter:data2\" content=\"2 minutes\" \/>\n<script type=\"application\/ld+json\" class=\"yoast-schema-graph\">{\"@context\":\"https:\\\/\\\/schema.org\",\"@graph\":[{\"@type\":\"Article\",\"@id\":\"https:\\\/\\\/www.stresafestival.eu\\\/en\\\/ludovico-einaudi-in-a-time-lapse-reimagined\\\/#article\",\"isPartOf\":{\"@id\":\"https:\\\/\\\/www.stresafestival.eu\\\/en\\\/ludovico-einaudi-in-a-time-lapse-reimagined\\\/\"},\"author\":{\"name\":\"Stresa Festival\",\"@id\":\"https:\\\/\\\/www.stresafestival.eu\\\/en\\\/#\\\/schema\\\/person\\\/d1d4d35e3ab663b6d475122d55f35383\"},\"headline\":\"Ludovico Einaudi &#8211; In A Time Lapse Reimagined\",\"datePublished\":\"2024-07-17T13:00:00+00:00\",\"mainEntityOfPage\":{\"@id\":\"https:\\\/\\\/www.stresafestival.eu\\\/en\\\/ludovico-einaudi-in-a-time-lapse-reimagined\\\/\"},\"wordCount\":236,\"image\":{\"@id\":\"https:\\\/\\\/www.stresafestival.eu\\\/en\\\/ludovico-einaudi-in-a-time-lapse-reimagined\\\/#primaryimage\"},\"thumbnailUrl\":\"https:\\\/\\\/www.stresafestival.eu\\\/wp-content\\\/uploads\\\/2024\\\/02\\\/STRESA-FESTIVAL-2024-LUDOVICO-EINAUDI-SUMMER-TOUR-2024.jpg\",\"keywords\":[\"Lago Maggiore\",\"Stresa\",\"Stresa Festival\",\"Stresa Festival 2024\",\"Stresa Festival Hall\"],\"articleSection\":[\"Artists\",\"News\",\"Stresa Festival 2024\"],\"inLanguage\":\"en-US\"},{\"@type\":\"WebPage\",\"@id\":\"https:\\\/\\\/www.stresafestival.eu\\\/en\\\/ludovico-einaudi-in-a-time-lapse-reimagined\\\/\",\"url\":\"https:\\\/\\\/www.stresafestival.eu\\\/en\\\/ludovico-einaudi-in-a-time-lapse-reimagined\\\/\",\"name\":\"Ludovico Einaudi - In A Time Lapse Reimagined - Stresa Festival Classica &amp; Jazz Lago Maggiore\",\"isPartOf\":{\"@id\":\"https:\\\/\\\/www.stresafestival.eu\\\/en\\\/#website\"},\"primaryImageOfPage\":{\"@id\":\"https:\\\/\\\/www.stresafestival.eu\\\/en\\\/ludovico-einaudi-in-a-time-lapse-reimagined\\\/#primaryimage\"},\"image\":{\"@id\":\"https:\\\/\\\/www.stresafestival.eu\\\/en\\\/ludovico-einaudi-in-a-time-lapse-reimagined\\\/#primaryimage\"},\"thumbnailUrl\":\"https:\\\/\\\/www.stresafestival.eu\\\/wp-content\\\/uploads\\\/2024\\\/02\\\/STRESA-FESTIVAL-2024-LUDOVICO-EINAUDI-SUMMER-TOUR-2024.jpg\",\"datePublished\":\"2024-07-17T13:00:00+00:00\",\"author\":{\"@id\":\"https:\\\/\\\/www.stresafestival.eu\\\/en\\\/#\\\/schema\\\/person\\\/d1d4d35e3ab663b6d475122d55f35383\"},\"breadcrumb\":{\"@id\":\"https:\\\/\\\/www.stresafestival.eu\\\/en\\\/ludovico-einaudi-in-a-time-lapse-reimagined\\\/#breadcrumb\"},\"inLanguage\":\"en-US\",\"potentialAction\":[{\"@type\":\"ReadAction\",\"target\":[\"https:\\\/\\\/www.stresafestival.eu\\\/en\\\/ludovico-einaudi-in-a-time-lapse-reimagined\\\/\"]}]},{\"@type\":\"ImageObject\",\"inLanguage\":\"en-US\",\"@id\":\"https:\\\/\\\/www.stresafestival.eu\\\/en\\\/ludovico-einaudi-in-a-time-lapse-reimagined\\\/#primaryimage\",\"url\":\"https:\\\/\\\/www.stresafestival.eu\\\/wp-content\\\/uploads\\\/2024\\\/02\\\/STRESA-FESTIVAL-2024-LUDOVICO-EINAUDI-SUMMER-TOUR-2024.jpg\",\"contentUrl\":\"https:\\\/\\\/www.stresafestival.eu\\\/wp-content\\\/uploads\\\/2024\\\/02\\\/STRESA-FESTIVAL-2024-LUDOVICO-EINAUDI-SUMMER-TOUR-2024.jpg\",\"width\":600,\"height\":600},{\"@type\":\"BreadcrumbList\",\"@id\":\"https:\\\/\\\/www.stresafestival.eu\\\/en\\\/ludovico-einaudi-in-a-time-lapse-reimagined\\\/#breadcrumb\",\"itemListElement\":[{\"@type\":\"ListItem\",\"position\":1,\"name\":\"Home\",\"item\":\"https:\\\/\\\/www.stresafestival.eu\\\/en\\\/\"},{\"@type\":\"ListItem\",\"position\":2,\"name\":\"Ludovico Einaudi &#8211; In A Time Lapse Reimagined\"}]},{\"@type\":\"WebSite\",\"@id\":\"https:\\\/\\\/www.stresafestival.eu\\\/en\\\/#website\",\"url\":\"https:\\\/\\\/www.stresafestival.eu\\\/en\\\/\",\"name\":\"Stresa Festival Classica &amp; Jazz Lago Maggiore\",\"description\":\"Festival di Musica Classica &amp; Jazz a Stresa sul Lago Maggiore\",\"potentialAction\":[{\"@type\":\"SearchAction\",\"target\":{\"@type\":\"EntryPoint\",\"urlTemplate\":\"https:\\\/\\\/www.stresafestival.eu\\\/en\\\/?s={search_term_string}\"},\"query-input\":{\"@type\":\"PropertyValueSpecification\",\"valueRequired\":true,\"valueName\":\"search_term_string\"}}],\"inLanguage\":\"en-US\"},{\"@type\":\"Person\",\"@id\":\"https:\\\/\\\/www.stresafestival.eu\\\/en\\\/#\\\/schema\\\/person\\\/d1d4d35e3ab663b6d475122d55f35383\",\"name\":\"Stresa Festival\",\"image\":{\"@type\":\"ImageObject\",\"inLanguage\":\"en-US\",\"@id\":\"https:\\\/\\\/secure.gravatar.com\\\/avatar\\\/30771ba39916f9812d6865771807f07addc0cde569f2777e81232bbe78a602b2?s=96&d=mm&r=g\",\"url\":\"https:\\\/\\\/secure.gravatar.com\\\/avatar\\\/30771ba39916f9812d6865771807f07addc0cde569f2777e81232bbe78a602b2?s=96&d=mm&r=g\",\"contentUrl\":\"https:\\\/\\\/secure.gravatar.com\\\/avatar\\\/30771ba39916f9812d6865771807f07addc0cde569f2777e81232bbe78a602b2?s=96&d=mm&r=g\",\"caption\":\"Stresa Festival\"},\"sameAs\":[\"https:\\\/\\\/stresafestival.jamarea.com\"],\"url\":\"https:\\\/\\\/www.stresafestival.eu\\\/en\\\/author\\\/stresajam\\\/\"}]}<\/script>\n<!-- \/ Yoast SEO plugin. -->","yoast_head_json":{"title":"Ludovico Einaudi - In A Time Lapse Reimagined - Stresa Festival Classica &amp; Jazz Lago Maggiore","robots":{"index":"index","follow":"follow","max-snippet":"max-snippet:-1","max-image-preview":"max-image-preview:large","max-video-preview":"max-video-preview:-1"},"canonical":"https:\/\/www.stresafestival.eu\/en\/ludovico-einaudi-in-a-time-lapse-reimagined\/","og_locale":"en_US","og_type":"article","og_title":"Ludovico Einaudi - In A Time Lapse Reimagined - Stresa Festival Classica &amp; Jazz Lago Maggiore","og_description":"Ludovico Einaudi in concerto il 17 luglio con In A Time Lapse Reimaginedprevendite dal 18 aprile Ludovico Einaudi sar\u00e0 uno degli ospiti principali dell\u2019edizione 2024 di Stresa Festival, che quest\u2019anno avr\u00e0 un focus sul composito universo del pianoforte: il pianista e compositore torinese, ben noto al di l\u00e0 del mondo della musica classica, si esibir\u00e0 [&hellip;]","og_url":"https:\/\/www.stresafestival.eu\/en\/ludovico-einaudi-in-a-time-lapse-reimagined\/","og_site_name":"Stresa Festival Classica &amp; Jazz Lago Maggiore","article_published_time":"2024-07-17T13:00:00+00:00","og_image":[{"width":600,"height":600,"url":"https:\/\/www.stresafestival.eu\/wp-content\/uploads\/2024\/02\/STRESA-FESTIVAL-2024-LUDOVICO-EINAUDI-SUMMER-TOUR-2024.jpg","type":"image\/jpeg"}],"author":"Stresa Festival","twitter_card":"summary_large_image","twitter_misc":{"Written by":"Stresa Festival","Est. reading time":"2 minutes"},"schema":{"@context":"https:\/\/schema.org","@graph":[{"@type":"Article","@id":"https:\/\/www.stresafestival.eu\/en\/ludovico-einaudi-in-a-time-lapse-reimagined\/#article","isPartOf":{"@id":"https:\/\/www.stresafestival.eu\/en\/ludovico-einaudi-in-a-time-lapse-reimagined\/"},"author":{"name":"Stresa Festival","@id":"https:\/\/www.stresafestival.eu\/en\/#\/schema\/person\/d1d4d35e3ab663b6d475122d55f35383"},"headline":"Ludovico Einaudi &#8211; In A Time Lapse Reimagined","datePublished":"2024-07-17T13:00:00+00:00","mainEntityOfPage":{"@id":"https:\/\/www.stresafestival.eu\/en\/ludovico-einaudi-in-a-time-lapse-reimagined\/"},"wordCount":236,"image":{"@id":"https:\/\/www.stresafestival.eu\/en\/ludovico-einaudi-in-a-time-lapse-reimagined\/#primaryimage"},"thumbnailUrl":"https:\/\/www.stresafestival.eu\/wp-content\/uploads\/2024\/02\/STRESA-FESTIVAL-2024-LUDOVICO-EINAUDI-SUMMER-TOUR-2024.jpg","keywords":["Lago Maggiore","Stresa","Stresa Festival","Stresa Festival 2024","Stresa Festival Hall"],"articleSection":["Artists","News","Stresa Festival 2024"],"inLanguage":"en-US"},{"@type":"WebPage","@id":"https:\/\/www.stresafestival.eu\/en\/ludovico-einaudi-in-a-time-lapse-reimagined\/","url":"https:\/\/www.stresafestival.eu\/en\/ludovico-einaudi-in-a-time-lapse-reimagined\/","name":"Ludovico Einaudi - In A Time Lapse Reimagined - Stresa Festival Classica &amp; Jazz Lago Maggiore","isPartOf":{"@id":"https:\/\/www.stresafestival.eu\/en\/#website"},"primaryImageOfPage":{"@id":"https:\/\/www.stresafestival.eu\/en\/ludovico-einaudi-in-a-time-lapse-reimagined\/#primaryimage"},"image":{"@id":"https:\/\/www.stresafestival.eu\/en\/ludovico-einaudi-in-a-time-lapse-reimagined\/#primaryimage"},"thumbnailUrl":"https:\/\/www.stresafestival.eu\/wp-content\/uploads\/2024\/02\/STRESA-FESTIVAL-2024-LUDOVICO-EINAUDI-SUMMER-TOUR-2024.jpg","datePublished":"2024-07-17T13:00:00+00:00","author":{"@id":"https:\/\/www.stresafestival.eu\/en\/#\/schema\/person\/d1d4d35e3ab663b6d475122d55f35383"},"breadcrumb":{"@id":"https:\/\/www.stresafestival.eu\/en\/ludovico-einaudi-in-a-time-lapse-reimagined\/#breadcrumb"},"inLanguage":"en-US","potentialAction":[{"@type":"ReadAction","target":["https:\/\/www.stresafestival.eu\/en\/ludovico-einaudi-in-a-time-lapse-reimagined\/"]}]},{"@type":"ImageObject","inLanguage":"en-US","@id":"https:\/\/www.stresafestival.eu\/en\/ludovico-einaudi-in-a-time-lapse-reimagined\/#primaryimage","url":"https:\/\/www.stresafestival.eu\/wp-content\/uploads\/2024\/02\/STRESA-FESTIVAL-2024-LUDOVICO-EINAUDI-SUMMER-TOUR-2024.jpg","contentUrl":"https:\/\/www.stresafestival.eu\/wp-content\/uploads\/2024\/02\/STRESA-FESTIVAL-2024-LUDOVICO-EINAUDI-SUMMER-TOUR-2024.jpg","width":600,"height":600},{"@type":"BreadcrumbList","@id":"https:\/\/www.stresafestival.eu\/en\/ludovico-einaudi-in-a-time-lapse-reimagined\/#breadcrumb","itemListElement":[{"@type":"ListItem","position":1,"name":"Home","item":"https:\/\/www.stresafestival.eu\/en\/"},{"@type":"ListItem","position":2,"name":"Ludovico Einaudi &#8211; In A Time Lapse Reimagined"}]},{"@type":"WebSite","@id":"https:\/\/www.stresafestival.eu\/en\/#website","url":"https:\/\/www.stresafestival.eu\/en\/","name":"Stresa Festival Classica &amp; Jazz Lago Maggiore","description":"Festival di Musica Classica &amp; Jazz a Stresa sul Lago Maggiore","potentialAction":[{"@type":"SearchAction","target":{"@type":"EntryPoint","urlTemplate":"https:\/\/www.stresafestival.eu\/en\/?s={search_term_string}"},"query-input":{"@type":"PropertyValueSpecification","valueRequired":true,"valueName":"search_term_string"}}],"inLanguage":"en-US"},{"@type":"Person","@id":"https:\/\/www.stresafestival.eu\/en\/#\/schema\/person\/d1d4d35e3ab663b6d475122d55f35383","name":"Stresa Festival","image":{"@type":"ImageObject","inLanguage":"en-US","@id":"https:\/\/secure.gravatar.com\/avatar\/30771ba39916f9812d6865771807f07addc0cde569f2777e81232bbe78a602b2?s=96&d=mm&r=g","url":"https:\/\/secure.gravatar.com\/avatar\/30771ba39916f9812d6865771807f07addc0cde569f2777e81232bbe78a602b2?s=96&d=mm&r=g","contentUrl":"https:\/\/secure.gravatar.com\/avatar\/30771ba39916f9812d6865771807f07addc0cde569f2777e81232bbe78a602b2?s=96&d=mm&r=g","caption":"Stresa Festival"},"sameAs":["https:\/\/stresafestival.jamarea.com"],"url":"https:\/\/www.stresafestival.eu\/en\/author\/stresajam\/"}]}},"_links":{"self":[{"href":"https:\/\/www.stresafestival.eu\/en\/wp-json\/wp\/v2\/posts\/34009","targetHints":{"allow":["GET"]}}],"collection":[{"href":"https:\/\/www.stresafestival.eu\/en\/wp-json\/wp\/v2\/posts"}],"about":[{"href":"https:\/\/www.stresafestival.eu\/en\/wp-json\/wp\/v2\/types\/post"}],"author":[{"embeddable":true,"href":"https:\/\/www.stresafestival.eu\/en\/wp-json\/wp\/v2\/users\/1"}],"replies":[{"embeddable":true,"href":"https:\/\/www.stresafestival.eu\/en\/wp-json\/wp\/v2\/comments?post=34009"}],"version-history":[{"count":1,"href":"https:\/\/www.stresafestival.eu\/en\/wp-json\/wp\/v2\/posts\/34009\/revisions"}],"predecessor-version":[{"id":34069,"href":"https:\/\/www.stresafestival.eu\/en\/wp-json\/wp\/v2\/posts\/34009\/revisions\/34069"}],"wp:featuredmedia":[{"embeddable":true,"href":"https:\/\/www.stresafestival.eu\/en\/wp-json\/wp\/v2\/media\/30880"}],"wp:attachment":[{"href":"https:\/\/www.stresafestival.eu\/en\/wp-json\/wp\/v2\/media?parent=34009"}],"wp:term":[{"taxonomy":"category","embeddable":true,"href":"https:\/\/www.stresafestival.eu\/en\/wp-json\/wp\/v2\/categories?post=34009"},{"taxonomy":"post_tag","embeddable":true,"href":"https:\/\/www.stresafestival.eu\/en\/wp-json\/wp\/v2\/tags?post=34009"}],"curies":[{"name":"wp","href":"https:\/\/api.w.org\/{rel}","templated":true}]}}