{"id":34043,"date":"2022-07-12T15:04:41","date_gmt":"2022-07-12T13:04:41","guid":{"rendered":"https:\/\/stresafestival.jamarea.com\/vieni-alla-festa-sullisola-dei-pescatori\/"},"modified":"2024-04-10T06:18:38","modified_gmt":"2024-04-10T06:18:38","slug":"vieni-alla-festa-sullisola-dei-pescatori","status":"publish","type":"post","link":"https:\/\/www.stresafestival.eu\/en\/vieni-alla-festa-sullisola-dei-pescatori\/","title":{"rendered":"Vieni alla festa sull&#8217;Isola dei Pescatori?"},"content":{"rendered":"\t\t<div data-elementor-type=\"wp-post\" data-elementor-id=\"34043\" class=\"elementor elementor-34043 elementor-29289\" data-elementor-post-type=\"post\">\n\t\t\t\t\t\t<section class=\"elementor-section elementor-top-section elementor-element elementor-element-78aceccd elementor-section-full_width elementor-section-height-default elementor-section-height-default qodef-elementor-content-no qodef-elementor-stretch-row-no qodef-elementor-overlay-no\" data-id=\"78aceccd\" data-element_type=\"section\">\n\t\t\t\t\t\t<div class=\"elementor-container elementor-column-gap-default\">\n\t\t\t\t\t\t<\/div>\n\t\t<\/section>\n\t\t\t\t<section class=\"elementor-section elementor-top-section elementor-element elementor-element-559ae37c elementor-section-full_width elementor-section-height-default elementor-section-height-default qodef-elementor-content-no qodef-elementor-stretch-row-no qodef-elementor-overlay-no\" data-id=\"559ae37c\" data-element_type=\"section\">\n\t\t\t\t\t\t<div class=\"elementor-container elementor-column-gap-default\">\n\t\t\t\t\t<div class=\"elementor-column elementor-col-100 elementor-top-column elementor-element elementor-element-2a22769a\" data-id=\"2a22769a\" data-element_type=\"column\">\n\t\t\t<div class=\"elementor-widget-wrap elementor-element-populated\">\n\t\t\t\t\t\t<section class=\"elementor-section elementor-inner-section elementor-element elementor-element-5a1ccca2 elementor-section-boxed elementor-section-height-default elementor-section-height-default qodef-elementor-content-no qodef-elementor-stretch-row-no qodef-elementor-overlay-no\" data-id=\"5a1ccca2\" data-element_type=\"section\">\n\t\t\t\t\t\t<div class=\"elementor-container elementor-column-gap-default\">\n\t\t\t\t\t<div class=\"elementor-column elementor-col-100 elementor-inner-column elementor-element elementor-element-213d78a6\" data-id=\"213d78a6\" data-element_type=\"column\">\n\t\t\t<div class=\"elementor-widget-wrap elementor-element-populated\">\n\t\t\t\t\t\t<div class=\"elementor-element elementor-element-77c4b1a7 elementor-widget elementor-widget-text-editor\" data-id=\"77c4b1a7\" data-element_type=\"widget\" data-widget_type=\"text-editor.default\">\n\t\t\t\t<div class=\"elementor-widget-container\">\n\t\t\t\t\t\t\t\t\t<h5>\u00abNon lasciarti tentare dai campioni dell\u2019infelicit\u00e0, della mutria cretina, della seriet\u00e0 ignorante.<br \/>Sii allegro. T\u2019insegneranno a non splendere. E tu splendi, invece\u00bb.<br \/>Pier Paolo Pasolini, <em>Lettere Luterane<\/em><\/h5>\t\t\t\t\t\t\t\t<\/div>\n\t\t\t\t<\/div>\n\t\t\t\t<div class=\"elementor-element elementor-element-4b0a3a13 elementor-widget elementor-widget-text-editor\" data-id=\"4b0a3a13\" data-element_type=\"widget\" data-widget_type=\"text-editor.default\">\n\t\t\t\t<div class=\"elementor-widget-container\">\n\t\t\t\t\t\t\t\t\t<p>E Pasolini splender\u00e0 per il primo appuntamento del Festival del <a href=\"http:\/\/www.stresafestival.eu\/festival\/isola-in-festival-pasolini\/\">16 luglio<\/a>: <strong>una festa in una delle location pi\u00f9 suggestive al centro del lago, la bellissima e dinamica Isola dei Pescatori con i suoi vicoli intricati, i suoi custodi silenziosi che sono i gatti, i suoi ristoranti sfiziosi e anche stellati, affascinanti tramonti e panorami mozzafiato.<\/strong><\/p><p>Pasolini ci lascia un insegnamento importante: ci invita ad essere sempre \u201cin ricerca\u201d, sempre ostinati, sempre contrari. Intellettuale \u201cdi nessuna chiesa\u201d, inclassificabile negli schemi binari in cui oggi pi\u00f9 che mai tendiamo a ordinare il mondo, <strong>la figura iconica di Pasolini \u00e8 la protagonista diretta e indiretta di un percorso divertente, emozionante e intenso fatto di musica dal vivo, installazioni audio, fotografie, parole, racconti e danza acrobatica.<\/strong> <strong>Si tratta di omaggio brillante e gioiso a questo Meastro<\/strong>, da mangiare in &#8220;salsa piccante&#8221; come consigliava il Corvo a Tot\u00f2 e Ninetto Davoli in <em>Uccellacci e uccellini<\/em>.<\/p><p>A cura di Saul Beretta \/ <a href=\"https:\/\/www.suonimobili.it\/2022\/eventi\/le-isole-di-pasolini\/\">Musicamorfosi<\/a><\/p>\t\t\t\t\t\t\t\t<\/div>\n\t\t\t\t<\/div>\n\t\t\t\t<div class=\"elementor-element elementor-element-3c35552 elementor-widget elementor-widget-image\" data-id=\"3c35552\" data-element_type=\"widget\" data-widget_type=\"image.default\">\n\t\t\t\t<div class=\"elementor-widget-container\">\n\t\t\t\t\t\t\t\t\t\t\t\t\t\t\t<img decoding=\"async\" width=\"69\" height=\"69\" src=\"https:\/\/www.stresafestival.eu\/wp-content\/uploads\/2024\/02\/Musicamorfosi-logo-musicamorfosi-2013_69.png\" class=\"attachment-large size-large wp-image-30681\" alt=\"\" \/>\t\t\t\t\t\t\t\t\t\t\t\t\t\t\t<\/div>\n\t\t\t\t<\/div>\n\t\t\t\t<div class=\"elementor-element elementor-element-5dcdfdc7 elementor-widget-divider--view-line elementor-widget elementor-widget-divider\" data-id=\"5dcdfdc7\" data-element_type=\"widget\" data-widget_type=\"divider.default\">\n\t\t\t\t<div class=\"elementor-widget-container\">\n\t\t\t\t\t\t\t<div class=\"elementor-divider\">\n\t\t\t<span class=\"elementor-divider-separator\">\n\t\t\t\t\t\t<\/span>\n\t\t<\/div>\n\t\t\t\t\t\t<\/div>\n\t\t\t\t<\/div>\n\t\t\t\t<div class=\"elementor-element elementor-element-47465f62 elementor-widget elementor-widget-text-editor\" data-id=\"47465f62\" data-element_type=\"widget\" data-widget_type=\"text-editor.default\">\n\t\t\t\t<div class=\"elementor-widget-container\">\n\t\t\t\t\t\t\t\t\t<p><strong>I <\/strong><strong><u>biglietti sono acquistabili:<\/u><\/strong><\/p><ul><li><strong><a href=\"https:\/\/www.vivaticket.com\/it\/ticket\/abb-isola-in-festival-16-luglio\/179919\">online<\/a><\/strong> sul sito di Stresa Festival<\/li><li>presso la<strong> <a href=\"http:\/\/www.stresafestival.eu\/biglietteria\/\">biglietteria in via Carducci 38 a Stresa<\/a><br \/><\/strong><\/li><\/ul><p><strong><u>Il giorno <a href=\"http:\/\/www.stresafestival.eu\/festival\/isola-in-festival-pasolini\/\">16 luglio<\/a>:<br \/><\/u><\/strong><\/p><ul><li>presso l&#8217;<strong><a href=\"https:\/\/www.google.it\/maps\/place\/Stresa\/@45.8846957,8.5416677,17z\/data=!3m1!4b1!4m5!3m4!1s0x4786758c0a0d1847:0xeb798b0c930ebb58!8m2!3d45.8846957!4d8.5416677\">Imbarcadero di Sresa<\/a> a partire dalle ore 17:00.<\/strong><\/li><li><strong>La partenza del primo battellino \u00e8 alle ore 19:15.<\/strong><\/li><li>In caso di maltempo l\u2019evento \u00e8 posticipato a domenica 17 luglio.<\/li><\/ul>\t\t\t\t\t\t\t\t<\/div>\n\t\t\t\t<\/div>\n\t\t\t\t<div class=\"elementor-element elementor-element-6bd1e1ba elementor-widget-divider--view-line elementor-widget elementor-widget-divider\" data-id=\"6bd1e1ba\" data-element_type=\"widget\" data-widget_type=\"divider.default\">\n\t\t\t\t<div class=\"elementor-widget-container\">\n\t\t\t\t\t\t\t<div class=\"elementor-divider\">\n\t\t\t<span class=\"elementor-divider-separator\">\n\t\t\t\t\t\t<\/span>\n\t\t<\/div>\n\t\t\t\t\t\t<\/div>\n\t\t\t\t<\/div>\n\t\t\t\t\t<\/div>\n\t\t<\/div>\n\t\t\t\t\t<\/div>\n\t\t<\/section>\n\t\t\t\t<section class=\"elementor-section elementor-inner-section elementor-element elementor-element-1a9a01d8 elementor-section-boxed elementor-section-height-default elementor-section-height-default qodef-elementor-content-no qodef-elementor-stretch-row-no qodef-elementor-overlay-no\" data-id=\"1a9a01d8\" data-element_type=\"section\">\n\t\t\t\t\t\t<div class=\"elementor-container elementor-column-gap-default\">\n\t\t\t\t\t<div class=\"elementor-column elementor-col-100 elementor-inner-column elementor-element elementor-element-4f4cefab\" data-id=\"4f4cefab\" data-element_type=\"column\">\n\t\t\t<div class=\"elementor-widget-wrap elementor-element-populated\">\n\t\t\t\t\t\t<div class=\"elementor-element elementor-element-3dd66321 elementor-widget elementor-widget-text-editor\" data-id=\"3dd66321\" data-element_type=\"widget\" data-widget_type=\"text-editor.default\">\n\t\t\t\t<div class=\"elementor-widget-container\">\n\t\t\t\t\t\t\t\t\t<p><strong>PROGRAMMA DEL 16 LUGLIO<br \/><\/strong><\/p>\t\t\t\t\t\t\t\t<\/div>\n\t\t\t\t<\/div>\n\t\t\t\t<div class=\"elementor-element elementor-element-76e2fa02 elementor-widget elementor-widget-image\" data-id=\"76e2fa02\" data-element_type=\"widget\" data-widget_type=\"image.default\">\n\t\t\t\t<div class=\"elementor-widget-container\">\n\t\t\t\t\t\t\t\t\t\t\t\t\t\t\t<img decoding=\"async\" src=\"https:\/\/www.stresafestival.eu\/wp-content\/uploads\/elementor\/thumbs\/pasolini-callas-qjue1x865r673xcrhstljqkawvdtag4aaarym0vezk.jpg\" title=\"pasolini-callas.jpg\" alt=\"pasolini-callas.jpg\" loading=\"lazy\" \/>\t\t\t\t\t\t\t\t\t\t\t\t\t\t\t<\/div>\n\t\t\t\t<\/div>\n\t\t\t\t<div class=\"elementor-element elementor-element-24de165c elementor-widget elementor-widget-text-editor\" data-id=\"24de165c\" data-element_type=\"widget\" data-widget_type=\"text-editor.default\">\n\t\t\t\t<div class=\"elementor-widget-container\">\n\t\t\t\t\t\t\t\t\t<p><strong>#punta nord dell\u2019Isola<\/strong><\/p><p><strong>L\u2019ISOLA DI MEDEA<\/strong> <br \/>Radio percorso a cura di Claudio Agostoni con alcune fotografie di Bruno Zanzottera.<\/p><p>Nell\u2019estate del 1969 durante la lavorazione del film <em>Medea<\/em> nasce <strong>un rapporto speciale tra Pier Paolo Pasolini e la protagonista Maria Callas<\/strong>. Non fu una storia d\u2019amore classica, come la dipinse la stampa dell\u2019epoca attratta dal potenziale mediatico della coppia: un regista scomodo e provocatorio, dichiaratamente omosessuale e una celeberrima cantante d\u2019opera che aveva appena concluso la sua storia con l\u2019armatore Onassis. <strong>Fu invece l\u2019incontro fra due anime sensibili, la nascita di un rapporto artistico bello e coinvolgente, di un\u2019amicizia profonda e speciale sul set allestito nell\u2019Isola di Grado<\/strong>.<\/p><p>____________________________________________________________________________________________________________<\/p>\t\t\t\t\t\t\t\t<\/div>\n\t\t\t\t<\/div>\n\t\t\t\t\t<\/div>\n\t\t<\/div>\n\t\t\t\t\t<\/div>\n\t\t<\/section>\n\t\t\t\t<div class=\"elementor-element elementor-element-50ea425e elementor-widget elementor-widget-image\" data-id=\"50ea425e\" data-element_type=\"widget\" data-widget_type=\"image.default\">\n\t\t\t\t<div class=\"elementor-widget-container\">\n\t\t\t\t\t\t\t\t\t\t\t\t\t\t\t<img decoding=\"async\" src=\"https:\/\/www.stresafestival.eu\/wp-content\/uploads\/elementor\/thumbs\/Pasolini-Roma-qjuv1g26giauf32zmmus7x73ub9i1gtnd233jo5sww.jpg\" title=\"Pasolini-Roma\" alt=\"Pasolini-Roma\" loading=\"lazy\" \/>\t\t\t\t\t\t\t\t\t\t\t\t\t\t\t<\/div>\n\t\t\t\t<\/div>\n\t\t\t\t<div class=\"elementor-element elementor-element-16087a4 elementor-widget elementor-widget-text-editor\" data-id=\"16087a4\" data-element_type=\"widget\" data-widget_type=\"text-editor.default\">\n\t\t\t\t<div class=\"elementor-widget-container\">\n\t\t\t\t\t\t\t\t\t<p><strong>#punta nord dell\u2019Isola<\/strong><\/p><p><strong>L\u2019ISOLA DEL CALCIO<\/strong><br \/>Radio percorso su Pasolini e il Calcio a cura di Claudio Agostoni con alcune fotografie di Bruno Zanzottera.<\/p><p><strong>\u201cIl calcio \u00e8 l\u2019ultima rappresentazione sacra del nostro tempo. E\u2019 rito nel fondo, anche se \u00e8 evasione.<\/strong> Mentre<br \/>altre rappresentazioni sacre, persino la messa, sono in declino, il calcio \u00e8 l\u2019unica rimastaci. <strong>Il calcio \u00e8 lo spettacolo che ha sostituito il teatro.<\/strong> Il cinema non ha potuto sostituirlo, il calcio si. Perch\u00e8 il teatro \u00e8 rapporto fra un pubblico in carne e ossa e personaggi in carne e ossa che agiscono sul palcoscenico. Mentre il cinema \u00e8 un rapporto fra una platea in carne e ossa e uno schermo, delle ombre. Invece<strong> il calcio \u00e8 di nuovo uno spettacolo in cui un mondo reale, di carne, quello degli spalti dello stadio, si misura con dei protagonisti reali, gli atleti in campo, che si muovono e si comportano secondo un rituale preciso. Perci\u00f2 considero il calcio l\u2019unico grande rito rimasto al nostro tempo<\/strong>. <strong>Il calcio come ultima rappresentazione sacra del nostro tempo\u201d<\/strong>.<br \/>Intervista di Guido Gerosa a Pier Paolo Pasolini per l\u2019Europeo del 31 dicembre 1970.<\/p><p>____________________________________________________________________________________________________________<\/p>\t\t\t\t\t\t\t\t<\/div>\n\t\t\t\t<\/div>\n\t\t\t\t<div class=\"elementor-element elementor-element-1968d077 elementor-widget elementor-widget-text-editor\" data-id=\"1968d077\" data-element_type=\"widget\" data-widget_type=\"text-editor.default\">\n\t\t\t\t<div class=\"elementor-widget-container\">\n\t\t\t\t\t\t\t\t\t<p><strong>#area verde nord<\/strong><\/p><p><strong>L\u2019ISOLA SUL TEVERE ovvero SQUARCI DI NOTTI<\/strong><br \/>ROMANEBOZ TRIO<br \/>Davide Longoni, chitarra<br \/>Alberto Capsoni, basso<br \/>Rouben Vitali, clarinetto<\/p><p><strong>Una sequela di canzoni romane e romanesche nel pittoresco arrangiamento klezmer e pieno di <\/strong><strong>vita del Boz Trio<\/strong>, un equipaggio di ragazzi di vita destinato a farvi volare lontano in quei profumi evocati dal racconto di Pier Paolo Pasolini <em>Squarci di notti romane<\/em> (1950) contenuto in <em>Al\u00ec dagli occhi azzurri<\/em> (1965). <strong>Alla musica si accostano le performance acrobatiche di una compagnia di acrobati e un calciatore freestyle davvero speciale!<\/strong><\/p><p>____________________________________________________________________________________________________________<\/p>\t\t\t\t\t\t\t\t<\/div>\n\t\t\t\t<\/div>\n\t\t\t\t<div class=\"elementor-element elementor-element-1a8bd23d elementor-widget elementor-widget-text-editor\" data-id=\"1a8bd23d\" data-element_type=\"widget\" data-widget_type=\"text-editor.default\">\n\t\t\t\t<div class=\"elementor-widget-container\">\n\t\t\t\t\t\t\t\t\t<p><strong>#area verde nord<\/strong><\/p><p><strong>L\u2019ISOLA SUL TEVERE ovvero SQUARCI DI NOTTI ROMANE #2<br \/><\/strong>Musica, danza acrobatica, footbal freestyle e interazione con il pubblico<br \/>Clelia Fumanelli, Valeria Impedovo e Takeshi Reyes<\/p><p>Il calcio freestyle \u00e8 l\u2019arte del palleggio acrobatico, eseguita con un pallone da calcio. La disciplina<br \/>consiste nell\u2019eseguire acrobazie con tutte le parti del corpo eccetto che con le mani.<br \/><strong>Un calciatore freestyle come il divo di Instagram Takeshi Reyes gioca e si esibisce con <\/strong><strong>una compagnia di acrobati e danzatori.<\/strong><\/p><p>____________________________________________________________________________________________________________<\/p>\t\t\t\t\t\t\t\t<\/div>\n\t\t\t\t<\/div>\n\t\t\t\t<div class=\"elementor-element elementor-element-72e49ccf elementor-widget elementor-widget-image\" data-id=\"72e49ccf\" data-element_type=\"widget\" data-widget_type=\"image.default\">\n\t\t\t\t<div class=\"elementor-widget-container\">\n\t\t\t\t\t\t\t\t\t\t\t\t\t\t\t<img decoding=\"async\" src=\"https:\/\/www.stresafestival.eu\/wp-content\/uploads\/elementor\/thumbs\/01-1218_BZ_013-1-scaled-1-qjue1z3ujf8rr5a16tmuoq383n4jpubqyk2xkksmn4.jpg\" title=\"01-1218_BZ_013-1-scaled.jpg\" alt=\"01-1218_BZ_013-1-scaled.jpg\" loading=\"lazy\" \/>\t\t\t\t\t\t\t\t\t\t\t\t\t\t\t<\/div>\n\t\t\t\t<\/div>\n\t\t\t\t<div class=\"elementor-element elementor-element-485ac896 elementor-widget elementor-widget-text-editor\" data-id=\"485ac896\" data-element_type=\"widget\" data-widget_type=\"text-editor.default\">\n\t\t\t\t<div class=\"elementor-widget-container\">\n\t\t\t\t\t\t\t\t\t<p><strong>#punto panoramico sud<\/strong><\/p><p><strong>LA SUA AFRICA<\/strong><br \/>JMO<br \/>Moussa Cissokho, kora, voce<br \/>Jan Galega Br\u00f6nnimann, clarinetto basso e sax soprano<br \/>Omri Hason, percussioni orientali, hang<\/p><p>in alternanza con Music Lab<br \/>Tete Da Silveira, djemb\u00e8, percussioni danza e canto<\/p><p><strong>L\u2019Africa di Pasolini, un luogo del cuore dove tutto era ancora possibile.<\/strong> La Kora incontra le percussioni orientali nella poetica di questo trio molto contemporaneo nel modo di fondere le influenze del jazz e della musica dal mondo.<br \/>La partecipazione a intervalli di Tet\u00e8 Da Silveira spettacolare percussionista Togolese serve da intercalare ai concerti di JMO e per provare l\u2019ebrezza del cerimoniale di accoglienza di un piccolo paese africano. Un laboratorio musicale interattivo dove tutti sono benvenuti a cantare e suonare!<\/p><p>____________________________________________________________________________________________________________<\/p>\t\t\t\t\t\t\t\t<\/div>\n\t\t\t\t<\/div>\n\t\t\t\t<div class=\"elementor-element elementor-element-7f3f1f0d elementor-widget elementor-widget-text-editor\" data-id=\"7f3f1f0d\" data-element_type=\"widget\" data-widget_type=\"text-editor.default\">\n\t\t\t\t<div class=\"elementor-widget-container\">\n\t\t\t\t\t\t\t\t\t<p><strong>#chiesa di San Vittore<\/strong><\/p><p><strong>L\u2019ISOLA DI BACH<\/strong><br \/>Lorenzo Zandonella Callagher, organo<br \/>in alternanza con<br \/>Eloisa Manera, violino<\/p><p>Pier Paolo Pasolini impieg\u00f2 la musica di Bach come colonna sonora di alcuni suoi importanti film, tra i quali <em>Accattone <\/em>(1961), <em>Il Vangelo secondo Matteo<\/em> (1964), <em>Sopralluoghi in Palestina per Il Vangelo secondo Matteo <\/em>(1963-64), <em>Appunti <\/em><em>per un film sull\u2019India<\/em> (1968), <em>Sequenza del fiore di carta<\/em> (1968) e il grande quanto dibattuto<em> Sal\u00f2 o le 120 giornate di <\/em><em>Sodoma<\/em> (1975).<br \/>PPP definisce la musica come \u00abl\u2019unica azione espressiva forse, alta, e indefinibile come le azioni della realt\u00e0\u00bb. Tra il 1944 e il 1945 Pasolini aveva scritto degli <em>Studi sullo stile di Bach<\/em> nei quali affrontava alcune importanti questioni di natura estetica. Il regista, poeta e intellettuale bolognese aveva iniziato ad amare la musica di Bach da ragazzino, mentre era sfollato a Casarsa. Chiedeva spesso alla violinista Pina Kalk (Dina di <em>Atti impuri<\/em>) di eseguire per lui pagine dalle <em>Sonate e Partite per violino solo<\/em>. In particolare, Pasolini amava la <em>Siciliana<\/em> della <em>Sonata n. 1 BWV 1001<\/em>. <strong>Sull\u2019organo della chiesa di San Vittore un immaginario doppio concerto alternato dedicato al Bach tanto amato da Pier Paolo Pasolini per organo solo e violino solo.<\/strong><\/p><p>____________________________________________________________________________________________________________<\/p>\t\t\t\t\t\t\t\t<\/div>\n\t\t\t\t<\/div>\n\t\t\t\t<div class=\"elementor-element elementor-element-34b82e5c elementor-widget elementor-widget-text-editor\" data-id=\"34b82e5c\" data-element_type=\"widget\" data-widget_type=\"text-editor.default\">\n\t\t\t\t<div class=\"elementor-widget-container\">\n\t\t\t\t\t\t\t\t\t<p><strong>L\u2019ISOLA DEL DECAMERON<br \/><\/strong>con l\u2019attrice Mariangela Martino<\/p><p>Una postazione di <strong>narrazione liberamente ispirata ad alcune delle storie narrate nel <em>Decameron<\/em> di Boccaccio ripreso nell\u2019omonimo film di Pasolini del 1971<\/strong>. Una versione pocket e interattiva.<\/p>\t\t\t\t\t\t\t\t<\/div>\n\t\t\t\t<\/div>\n\t\t\t\t\t<\/div>\n\t\t<\/div>\n\t\t\t\t\t<\/div>\n\t\t<\/section>\n\t\t\t\t<section class=\"elementor-section elementor-top-section elementor-element elementor-element-62a3b839 elementor-section-full_width elementor-section-height-default elementor-section-height-default qodef-elementor-content-no qodef-elementor-stretch-row-no qodef-elementor-overlay-no\" data-id=\"62a3b839\" data-element_type=\"section\">\n\t\t\t\t\t\t<div class=\"elementor-container elementor-column-gap-default\">\n\t\t\t\t\t\t<\/div>\n\t\t<\/section>\n\t\t\t\t<\/div>\n\t\t","protected":false},"excerpt":{"rendered":"<p>\u00abNon lasciarti tentare dai campioni dell\u2019infelicit\u00e0, della mutria cretina, della seriet\u00e0 ignorante.Sii allegro. T\u2019insegneranno a non splendere. E tu splendi, invece\u00bb.Pier Paolo Pasolini, Lettere Luterane E Pasolini splender\u00e0 per il primo appuntamento del Festival del 16 luglio: una festa in una delle location pi\u00f9 suggestive al centro del lago, la bellissima e dinamica Isola dei [&hellip;]<\/p>\n","protected":false},"author":1,"featured_media":30854,"comment_status":"closed","ping_status":"closed","sticky":false,"template":"","format":"standard","meta":{"footnotes":""},"categories":[149,148,142,141],"tags":[173,240,241,196,214,198,238,239],"class_list":["post-34043","post","type-post","status-publish","format-standard","has-post-thumbnail","hentry","category-eventi-en","category-green-en","category-news-en","category-pasolini-en","tag-green-en","tag-isola-dei-pescatori-en","tag-isola-in-festival-en","tag-lago-maggiore-en","tag-mario-brunello-en","tag-stresa-festival-en","tag-stresa-festival-2022-en","tag-weweretrees-en"],"yoast_head":"<!-- This site is optimized with the Yoast SEO plugin v27.5 - https:\/\/yoast.com\/product\/yoast-seo-wordpress\/ -->\n<title>Vieni alla festa sull&#039;Isola dei Pescatori? - Stresa Festival Classica &amp; Jazz Lago Maggiore<\/title>\n<meta name=\"robots\" content=\"index, follow, max-snippet:-1, max-image-preview:large, max-video-preview:-1\" \/>\n<link rel=\"canonical\" href=\"https:\/\/www.stresafestival.eu\/en\/vieni-alla-festa-sullisola-dei-pescatori\/\" \/>\n<meta property=\"og:locale\" content=\"en_US\" \/>\n<meta property=\"og:type\" content=\"article\" \/>\n<meta property=\"og:title\" content=\"Vieni alla festa sull&#039;Isola dei Pescatori? - Stresa Festival Classica &amp; Jazz Lago Maggiore\" \/>\n<meta property=\"og:description\" content=\"\u00abNon lasciarti tentare dai campioni dell\u2019infelicit\u00e0, della mutria cretina, della seriet\u00e0 ignorante.Sii allegro. T\u2019insegneranno a non splendere. E tu splendi, invece\u00bb.Pier Paolo Pasolini, Lettere Luterane E Pasolini splender\u00e0 per il primo appuntamento del Festival del 16 luglio: una festa in una delle location pi\u00f9 suggestive al centro del lago, la bellissima e dinamica Isola dei [&hellip;]\" \/>\n<meta property=\"og:url\" content=\"https:\/\/www.stresafestival.eu\/en\/vieni-alla-festa-sullisola-dei-pescatori\/\" \/>\n<meta property=\"og:site_name\" content=\"Stresa Festival Classica &amp; Jazz Lago Maggiore\" \/>\n<meta property=\"article:published_time\" content=\"2022-07-12T13:04:41+00:00\" \/>\n<meta property=\"article:modified_time\" content=\"2024-04-10T06:18:38+00:00\" \/>\n<meta property=\"og:image\" content=\"https:\/\/www.stresafestival.eu\/wp-content\/uploads\/2024\/02\/stresa-festival_isola-dei-pescatori_c_L_Di_Nozzi_245.jpg\" \/>\n\t<meta property=\"og:image:width\" content=\"1500\" \/>\n\t<meta property=\"og:image:height\" content=\"998\" \/>\n\t<meta property=\"og:image:type\" content=\"image\/jpeg\" \/>\n<meta name=\"author\" content=\"Stresa Festival\" \/>\n<meta name=\"twitter:card\" content=\"summary_large_image\" \/>\n<meta name=\"twitter:label1\" content=\"Written by\" \/>\n\t<meta name=\"twitter:data1\" content=\"Stresa Festival\" \/>\n<script type=\"application\/ld+json\" class=\"yoast-schema-graph\">{\"@context\":\"https:\\\/\\\/schema.org\",\"@graph\":[{\"@type\":\"Article\",\"@id\":\"https:\\\/\\\/www.stresafestival.eu\\\/en\\\/vieni-alla-festa-sullisola-dei-pescatori\\\/#article\",\"isPartOf\":{\"@id\":\"https:\\\/\\\/www.stresafestival.eu\\\/en\\\/vieni-alla-festa-sullisola-dei-pescatori\\\/\"},\"author\":{\"name\":\"Stresa Festival\",\"@id\":\"https:\\\/\\\/www.stresafestival.eu\\\/en\\\/#\\\/schema\\\/person\\\/b9cf48d830f1444cdba67015e0fe548c\"},\"headline\":\"Vieni alla festa sull&#8217;Isola dei Pescatori?\",\"datePublished\":\"2022-07-12T13:04:41+00:00\",\"dateModified\":\"2024-04-10T06:18:38+00:00\",\"mainEntityOfPage\":{\"@id\":\"https:\\\/\\\/www.stresafestival.eu\\\/en\\\/vieni-alla-festa-sullisola-dei-pescatori\\\/\"},\"wordCount\":1052,\"image\":{\"@id\":\"https:\\\/\\\/www.stresafestival.eu\\\/en\\\/vieni-alla-festa-sullisola-dei-pescatori\\\/#primaryimage\"},\"thumbnailUrl\":\"https:\\\/\\\/www.stresafestival.eu\\\/wp-content\\\/uploads\\\/2024\\\/02\\\/stresa-festival_isola-dei-pescatori_c_L_Di_Nozzi_245.jpg\",\"keywords\":[\"Green\",\"isola dei Pescatori\",\"Isola in festival\",\"Lago Maggiore\",\"Mario Brunello\",\"Stresa Festival\",\"Stresa Festival 2022\",\"weweretrees\"],\"articleSection\":[\"Events\",\"Green\",\"News\",\"Pasolini\"],\"inLanguage\":\"en-US\"},{\"@type\":\"WebPage\",\"@id\":\"https:\\\/\\\/www.stresafestival.eu\\\/en\\\/vieni-alla-festa-sullisola-dei-pescatori\\\/\",\"url\":\"https:\\\/\\\/www.stresafestival.eu\\\/en\\\/vieni-alla-festa-sullisola-dei-pescatori\\\/\",\"name\":\"Vieni alla festa sull'Isola dei Pescatori? - Stresa Festival Classica &amp; Jazz Lago Maggiore\",\"isPartOf\":{\"@id\":\"https:\\\/\\\/www.stresafestival.eu\\\/en\\\/#website\"},\"primaryImageOfPage\":{\"@id\":\"https:\\\/\\\/www.stresafestival.eu\\\/en\\\/vieni-alla-festa-sullisola-dei-pescatori\\\/#primaryimage\"},\"image\":{\"@id\":\"https:\\\/\\\/www.stresafestival.eu\\\/en\\\/vieni-alla-festa-sullisola-dei-pescatori\\\/#primaryimage\"},\"thumbnailUrl\":\"https:\\\/\\\/www.stresafestival.eu\\\/wp-content\\\/uploads\\\/2024\\\/02\\\/stresa-festival_isola-dei-pescatori_c_L_Di_Nozzi_245.jpg\",\"datePublished\":\"2022-07-12T13:04:41+00:00\",\"dateModified\":\"2024-04-10T06:18:38+00:00\",\"author\":{\"@id\":\"https:\\\/\\\/www.stresafestival.eu\\\/en\\\/#\\\/schema\\\/person\\\/b9cf48d830f1444cdba67015e0fe548c\"},\"breadcrumb\":{\"@id\":\"https:\\\/\\\/www.stresafestival.eu\\\/en\\\/vieni-alla-festa-sullisola-dei-pescatori\\\/#breadcrumb\"},\"inLanguage\":\"en-US\",\"potentialAction\":[{\"@type\":\"ReadAction\",\"target\":[\"https:\\\/\\\/www.stresafestival.eu\\\/en\\\/vieni-alla-festa-sullisola-dei-pescatori\\\/\"]}]},{\"@type\":\"ImageObject\",\"inLanguage\":\"en-US\",\"@id\":\"https:\\\/\\\/www.stresafestival.eu\\\/en\\\/vieni-alla-festa-sullisola-dei-pescatori\\\/#primaryimage\",\"url\":\"https:\\\/\\\/www.stresafestival.eu\\\/wp-content\\\/uploads\\\/2024\\\/02\\\/stresa-festival_isola-dei-pescatori_c_L_Di_Nozzi_245.jpg\",\"contentUrl\":\"https:\\\/\\\/www.stresafestival.eu\\\/wp-content\\\/uploads\\\/2024\\\/02\\\/stresa-festival_isola-dei-pescatori_c_L_Di_Nozzi_245.jpg\",\"width\":1500,\"height\":998},{\"@type\":\"BreadcrumbList\",\"@id\":\"https:\\\/\\\/www.stresafestival.eu\\\/en\\\/vieni-alla-festa-sullisola-dei-pescatori\\\/#breadcrumb\",\"itemListElement\":[{\"@type\":\"ListItem\",\"position\":1,\"name\":\"Home\",\"item\":\"https:\\\/\\\/www.stresafestival.eu\\\/en\\\/\"},{\"@type\":\"ListItem\",\"position\":2,\"name\":\"Vieni alla festa sull&#8217;Isola dei Pescatori?\"}]},{\"@type\":\"WebSite\",\"@id\":\"https:\\\/\\\/www.stresafestival.eu\\\/en\\\/#website\",\"url\":\"https:\\\/\\\/www.stresafestival.eu\\\/en\\\/\",\"name\":\"Stresa Festival Classica &amp; Jazz Lago Maggiore\",\"description\":\"Festival di Musica Classica &amp; Jazz a Stresa sul Lago Maggiore\",\"potentialAction\":[{\"@type\":\"SearchAction\",\"target\":{\"@type\":\"EntryPoint\",\"urlTemplate\":\"https:\\\/\\\/www.stresafestival.eu\\\/en\\\/?s={search_term_string}\"},\"query-input\":{\"@type\":\"PropertyValueSpecification\",\"valueRequired\":true,\"valueName\":\"search_term_string\"}}],\"inLanguage\":\"en-US\"},{\"@type\":\"Person\",\"@id\":\"https:\\\/\\\/www.stresafestival.eu\\\/en\\\/#\\\/schema\\\/person\\\/b9cf48d830f1444cdba67015e0fe548c\",\"name\":\"Stresa Festival\",\"image\":{\"@type\":\"ImageObject\",\"inLanguage\":\"en-US\",\"@id\":\"https:\\\/\\\/secure.gravatar.com\\\/avatar\\\/30771ba39916f9812d6865771807f07addc0cde569f2777e81232bbe78a602b2?s=96&d=mm&r=g\",\"url\":\"https:\\\/\\\/secure.gravatar.com\\\/avatar\\\/30771ba39916f9812d6865771807f07addc0cde569f2777e81232bbe78a602b2?s=96&d=mm&r=g\",\"contentUrl\":\"https:\\\/\\\/secure.gravatar.com\\\/avatar\\\/30771ba39916f9812d6865771807f07addc0cde569f2777e81232bbe78a602b2?s=96&d=mm&r=g\",\"caption\":\"Stresa Festival\"},\"sameAs\":[\"https:\\\/\\\/stresafestival.jamarea.com\"],\"url\":\"https:\\\/\\\/www.stresafestival.eu\\\/en\\\/author\\\/stresajam\\\/\"}]}<\/script>\n<!-- \/ Yoast SEO plugin. -->","yoast_head_json":{"title":"Vieni alla festa sull'Isola dei Pescatori? - Stresa Festival Classica &amp; Jazz Lago Maggiore","robots":{"index":"index","follow":"follow","max-snippet":"max-snippet:-1","max-image-preview":"max-image-preview:large","max-video-preview":"max-video-preview:-1"},"canonical":"https:\/\/www.stresafestival.eu\/en\/vieni-alla-festa-sullisola-dei-pescatori\/","og_locale":"en_US","og_type":"article","og_title":"Vieni alla festa sull'Isola dei Pescatori? - Stresa Festival Classica &amp; Jazz Lago Maggiore","og_description":"\u00abNon lasciarti tentare dai campioni dell\u2019infelicit\u00e0, della mutria cretina, della seriet\u00e0 ignorante.Sii allegro. T\u2019insegneranno a non splendere. E tu splendi, invece\u00bb.Pier Paolo Pasolini, Lettere Luterane E Pasolini splender\u00e0 per il primo appuntamento del Festival del 16 luglio: una festa in una delle location pi\u00f9 suggestive al centro del lago, la bellissima e dinamica Isola dei [&hellip;]","og_url":"https:\/\/www.stresafestival.eu\/en\/vieni-alla-festa-sullisola-dei-pescatori\/","og_site_name":"Stresa Festival Classica &amp; Jazz Lago Maggiore","article_published_time":"2022-07-12T13:04:41+00:00","article_modified_time":"2024-04-10T06:18:38+00:00","og_image":[{"width":1500,"height":998,"url":"https:\/\/www.stresafestival.eu\/wp-content\/uploads\/2024\/02\/stresa-festival_isola-dei-pescatori_c_L_Di_Nozzi_245.jpg","type":"image\/jpeg"}],"author":"Stresa Festival","twitter_card":"summary_large_image","twitter_misc":{"Written by":"Stresa Festival"},"schema":{"@context":"https:\/\/schema.org","@graph":[{"@type":"Article","@id":"https:\/\/www.stresafestival.eu\/en\/vieni-alla-festa-sullisola-dei-pescatori\/#article","isPartOf":{"@id":"https:\/\/www.stresafestival.eu\/en\/vieni-alla-festa-sullisola-dei-pescatori\/"},"author":{"name":"Stresa Festival","@id":"https:\/\/www.stresafestival.eu\/en\/#\/schema\/person\/b9cf48d830f1444cdba67015e0fe548c"},"headline":"Vieni alla festa sull&#8217;Isola dei Pescatori?","datePublished":"2022-07-12T13:04:41+00:00","dateModified":"2024-04-10T06:18:38+00:00","mainEntityOfPage":{"@id":"https:\/\/www.stresafestival.eu\/en\/vieni-alla-festa-sullisola-dei-pescatori\/"},"wordCount":1052,"image":{"@id":"https:\/\/www.stresafestival.eu\/en\/vieni-alla-festa-sullisola-dei-pescatori\/#primaryimage"},"thumbnailUrl":"https:\/\/www.stresafestival.eu\/wp-content\/uploads\/2024\/02\/stresa-festival_isola-dei-pescatori_c_L_Di_Nozzi_245.jpg","keywords":["Green","isola dei Pescatori","Isola in festival","Lago Maggiore","Mario Brunello","Stresa Festival","Stresa Festival 2022","weweretrees"],"articleSection":["Events","Green","News","Pasolini"],"inLanguage":"en-US"},{"@type":"WebPage","@id":"https:\/\/www.stresafestival.eu\/en\/vieni-alla-festa-sullisola-dei-pescatori\/","url":"https:\/\/www.stresafestival.eu\/en\/vieni-alla-festa-sullisola-dei-pescatori\/","name":"Vieni alla festa sull'Isola dei Pescatori? - Stresa Festival Classica &amp; Jazz Lago Maggiore","isPartOf":{"@id":"https:\/\/www.stresafestival.eu\/en\/#website"},"primaryImageOfPage":{"@id":"https:\/\/www.stresafestival.eu\/en\/vieni-alla-festa-sullisola-dei-pescatori\/#primaryimage"},"image":{"@id":"https:\/\/www.stresafestival.eu\/en\/vieni-alla-festa-sullisola-dei-pescatori\/#primaryimage"},"thumbnailUrl":"https:\/\/www.stresafestival.eu\/wp-content\/uploads\/2024\/02\/stresa-festival_isola-dei-pescatori_c_L_Di_Nozzi_245.jpg","datePublished":"2022-07-12T13:04:41+00:00","dateModified":"2024-04-10T06:18:38+00:00","author":{"@id":"https:\/\/www.stresafestival.eu\/en\/#\/schema\/person\/b9cf48d830f1444cdba67015e0fe548c"},"breadcrumb":{"@id":"https:\/\/www.stresafestival.eu\/en\/vieni-alla-festa-sullisola-dei-pescatori\/#breadcrumb"},"inLanguage":"en-US","potentialAction":[{"@type":"ReadAction","target":["https:\/\/www.stresafestival.eu\/en\/vieni-alla-festa-sullisola-dei-pescatori\/"]}]},{"@type":"ImageObject","inLanguage":"en-US","@id":"https:\/\/www.stresafestival.eu\/en\/vieni-alla-festa-sullisola-dei-pescatori\/#primaryimage","url":"https:\/\/www.stresafestival.eu\/wp-content\/uploads\/2024\/02\/stresa-festival_isola-dei-pescatori_c_L_Di_Nozzi_245.jpg","contentUrl":"https:\/\/www.stresafestival.eu\/wp-content\/uploads\/2024\/02\/stresa-festival_isola-dei-pescatori_c_L_Di_Nozzi_245.jpg","width":1500,"height":998},{"@type":"BreadcrumbList","@id":"https:\/\/www.stresafestival.eu\/en\/vieni-alla-festa-sullisola-dei-pescatori\/#breadcrumb","itemListElement":[{"@type":"ListItem","position":1,"name":"Home","item":"https:\/\/www.stresafestival.eu\/en\/"},{"@type":"ListItem","position":2,"name":"Vieni alla festa sull&#8217;Isola dei Pescatori?"}]},{"@type":"WebSite","@id":"https:\/\/www.stresafestival.eu\/en\/#website","url":"https:\/\/www.stresafestival.eu\/en\/","name":"Stresa Festival Classica &amp; Jazz Lago Maggiore","description":"Festival di Musica Classica &amp; Jazz a Stresa sul Lago Maggiore","potentialAction":[{"@type":"SearchAction","target":{"@type":"EntryPoint","urlTemplate":"https:\/\/www.stresafestival.eu\/en\/?s={search_term_string}"},"query-input":{"@type":"PropertyValueSpecification","valueRequired":true,"valueName":"search_term_string"}}],"inLanguage":"en-US"},{"@type":"Person","@id":"https:\/\/www.stresafestival.eu\/en\/#\/schema\/person\/b9cf48d830f1444cdba67015e0fe548c","name":"Stresa Festival","image":{"@type":"ImageObject","inLanguage":"en-US","@id":"https:\/\/secure.gravatar.com\/avatar\/30771ba39916f9812d6865771807f07addc0cde569f2777e81232bbe78a602b2?s=96&d=mm&r=g","url":"https:\/\/secure.gravatar.com\/avatar\/30771ba39916f9812d6865771807f07addc0cde569f2777e81232bbe78a602b2?s=96&d=mm&r=g","contentUrl":"https:\/\/secure.gravatar.com\/avatar\/30771ba39916f9812d6865771807f07addc0cde569f2777e81232bbe78a602b2?s=96&d=mm&r=g","caption":"Stresa Festival"},"sameAs":["https:\/\/stresafestival.jamarea.com"],"url":"https:\/\/www.stresafestival.eu\/en\/author\/stresajam\/"}]}},"_links":{"self":[{"href":"https:\/\/www.stresafestival.eu\/en\/wp-json\/wp\/v2\/posts\/34043","targetHints":{"allow":["GET"]}}],"collection":[{"href":"https:\/\/www.stresafestival.eu\/en\/wp-json\/wp\/v2\/posts"}],"about":[{"href":"https:\/\/www.stresafestival.eu\/en\/wp-json\/wp\/v2\/types\/post"}],"author":[{"embeddable":true,"href":"https:\/\/www.stresafestival.eu\/en\/wp-json\/wp\/v2\/users\/1"}],"replies":[{"embeddable":true,"href":"https:\/\/www.stresafestival.eu\/en\/wp-json\/wp\/v2\/comments?post=34043"}],"version-history":[{"count":1,"href":"https:\/\/www.stresafestival.eu\/en\/wp-json\/wp\/v2\/posts\/34043\/revisions"}],"predecessor-version":[{"id":34255,"href":"https:\/\/www.stresafestival.eu\/en\/wp-json\/wp\/v2\/posts\/34043\/revisions\/34255"}],"wp:featuredmedia":[{"embeddable":true,"href":"https:\/\/www.stresafestival.eu\/en\/wp-json\/wp\/v2\/media\/30854"}],"wp:attachment":[{"href":"https:\/\/www.stresafestival.eu\/en\/wp-json\/wp\/v2\/media?parent=34043"}],"wp:term":[{"taxonomy":"category","embeddable":true,"href":"https:\/\/www.stresafestival.eu\/en\/wp-json\/wp\/v2\/categories?post=34043"},{"taxonomy":"post_tag","embeddable":true,"href":"https:\/\/www.stresafestival.eu\/en\/wp-json\/wp\/v2\/tags?post=34043"}],"curies":[{"name":"wp","href":"https:\/\/api.w.org\/{rel}","templated":true}]}}