{"id":34052,"date":"2022-05-17T15:40:27","date_gmt":"2022-05-17T15:40:27","guid":{"rendered":"https:\/\/stresafestival.jamarea.com\/in-bici-al-concerto-si\/"},"modified":"2024-04-10T06:21:32","modified_gmt":"2024-04-10T06:21:32","slug":"in-bici-al-concerto-si","status":"publish","type":"post","link":"https:\/\/www.stresafestival.eu\/en\/in-bici-al-concerto-si\/","title":{"rendered":"In bici al concerto? S\u00ec!"},"content":{"rendered":"\t\t<div data-elementor-type=\"wp-post\" data-elementor-id=\"34052\" class=\"elementor elementor-34052 elementor-29554\" data-elementor-post-type=\"post\">\n\t\t\t\t\t\t<section class=\"elementor-section elementor-top-section elementor-element elementor-element-78aceccd elementor-section-full_width elementor-section-height-default elementor-section-height-default qodef-elementor-content-no qodef-elementor-stretch-row-no qodef-elementor-overlay-no\" data-id=\"78aceccd\" data-element_type=\"section\">\n\t\t\t\t\t\t<div class=\"elementor-container elementor-column-gap-default\">\n\t\t\t\t\t\t<\/div>\n\t\t<\/section>\n\t\t\t\t<section class=\"elementor-section elementor-top-section elementor-element elementor-element-1bf6fbbd elementor-section-full_width elementor-section-height-default elementor-section-height-default qodef-elementor-content-no qodef-elementor-stretch-row-no qodef-elementor-overlay-no\" data-id=\"1bf6fbbd\" data-element_type=\"section\">\n\t\t\t\t\t\t<div class=\"elementor-container elementor-column-gap-default\">\n\t\t\t\t\t<div class=\"elementor-column elementor-col-100 elementor-top-column elementor-element elementor-element-3fc680b6\" data-id=\"3fc680b6\" data-element_type=\"column\">\n\t\t\t<div class=\"elementor-widget-wrap elementor-element-populated\">\n\t\t\t\t\t\t<div class=\"elementor-element elementor-element-7dbb6a34 elementor-widget elementor-widget-text-editor\" data-id=\"7dbb6a34\" data-element_type=\"widget\" data-widget_type=\"text-editor.default\">\n\t\t\t\t<div class=\"elementor-widget-container\">\n\t\t\t\t\t\t\t\t\t<p><strong>\u00abQuesta \u00e8 arte, anzi, sarei tentato a dire, Natura\u00bb.<\/strong><br \/><strong>Pier Paolo Pasolini<\/strong><\/p>\t\t\t\t\t\t\t\t<\/div>\n\t\t\t\t<\/div>\n\t\t\t\t\t<\/div>\n\t\t<\/div>\n\t\t\t\t\t<\/div>\n\t\t<\/section>\n\t\t\t\t<section class=\"elementor-section elementor-top-section elementor-element elementor-element-51c5691f elementor-section-full_width elementor-section-height-default elementor-section-height-default qodef-elementor-content-no qodef-elementor-stretch-row-no qodef-elementor-overlay-no\" data-id=\"51c5691f\" data-element_type=\"section\">\n\t\t\t\t\t\t<div class=\"elementor-container elementor-column-gap-default\">\n\t\t\t\t\t<div class=\"elementor-column elementor-col-100 elementor-top-column elementor-element elementor-element-467aba6b\" data-id=\"467aba6b\" data-element_type=\"column\">\n\t\t\t<div class=\"elementor-widget-wrap elementor-element-populated\">\n\t\t\t\t\t\t<section class=\"elementor-section elementor-inner-section elementor-element elementor-element-600e792b elementor-section-boxed elementor-section-height-default elementor-section-height-default qodef-elementor-content-no qodef-elementor-stretch-row-no qodef-elementor-overlay-no\" data-id=\"600e792b\" data-element_type=\"section\">\n\t\t\t\t\t\t<div class=\"elementor-container elementor-column-gap-default\">\n\t\t\t\t\t<div class=\"elementor-column elementor-col-100 elementor-inner-column elementor-element elementor-element-72177c57\" data-id=\"72177c57\" data-element_type=\"column\">\n\t\t\t<div class=\"elementor-widget-wrap elementor-element-populated\">\n\t\t\t\t\t\t<div class=\"elementor-element elementor-element-3c26d3cc elementor-widget elementor-widget-text-editor\" data-id=\"3c26d3cc\" data-element_type=\"widget\" data-widget_type=\"text-editor.default\">\n\t\t\t\t<div class=\"elementor-widget-container\">\n\t\t\t\t\t\t\t\t\t<p><strong>Il Festival di Stresa ha molte anime e i \u201cluoghi\u201d del Festival ne sono elemento fondamentale.<\/strong><br \/><strong>Quest&#8217;anno la Motta del Santo diventa una delle <em>location<\/em> per tre concerti <em>green<\/em> e <em>open-air<\/em>.<br \/><\/strong><\/p><p>La <a href=\"http:\/\/www.stresafestival.eu\/la-catapulta-il-palco-acustico-progettato-da-michele-de-lucchi-per-il-festival\/\"><em>Catapulta<\/em><\/a>, il palco acustico progettato da Michele De Lucchi per il Festival, \u00e8 una macchina scenica per concerti<em> en-plein air<\/em> che vuole attivare una connessione sinergica tra musica, natura e persone.<br \/>Troveremo questo scrigno trasportabile immerso nella natura, come alla <strong><a href=\"https:\/\/www.google.com\/maps\/place\/28838+Motta+del+Santo+VB\/@45.8697561,8.5471946,17z\/data=!4m5!3m4!1s0x478675c274a1ba8d:0x96cd31679cefd8e3!8m2!3d45.8697992!4d8.5496532\">Motta del Santo<\/a>: poco sopra a Stresa, a 5 minuti di macchina dal lungolago, prati e boschi diventano il teatro naturale che accoglie musica, artisti e pubblico.<br \/>I concerti <em>#green <\/em>alla Motta del Santo <\/strong>del <a href=\"http:\/\/www.stresafestival.eu\/festival\/amandine-beyer-2\/\">1<\/a>, <a href=\"http:\/\/www.stresafestival.eu\/festival\/brunello-battiston-young\/\">2<\/a> e <a href=\"http:\/\/www.stresafestival.eu\/festival\/andrea-lucchesini\/\">3<\/a> settembre vedono rispettivamente protagonisti <a href=\"http:\/\/www.stresafestival.eu\/festival\/amandine-beyer-2\/\"><strong>Amandine Beyer <\/strong><\/a>per le <em>Sonate e Partite per violino solo<\/em> di Bach, <a href=\"http:\/\/www.stresafestival.eu\/festival\/brunello-battiston-young\/\"><strong>Mario Brunello e Ivano Battiston con i giovani di Stresa Festival Young <\/strong><\/a>e infine <a href=\"http:\/\/www.stresafestival.eu\/festival\/andrea-lucchesini\/\"><strong>Andrea Lucchesini <\/strong><\/a>per un programma omaggio a Arthur Rubinstein.<strong><br \/><\/strong><\/p><p><strong>Al concerto a piedi o in bici?<br \/>Da raggiungere anche con una passeggiata a piedi o in bicicletta<\/strong>, la Motta del Santo diventa l&#8217;occasione per vivere l&#8217;esperienza musicale e contemporaneamente esplorare il territorio del Lago Maggiore per conoscerne la splendida natura che lo caratterizza. Infatti <strong>oltre ai percorsi a piedi &#8211; per i pi\u00f9 volenterosi &#8211; che da Stresa salgono verso la Motta, quest&#8217;anno il Festival d\u00e0 la possibilit\u00e0 di noleggiare le biciclette elettriche presso <a href=\"https:\/\/www.stresabikerental.com\/?lang=it\">Stresa Bike Rental<\/a>: presenta il biglietto, noleggia la bici con lo sconto e goditi il concerto!<\/strong><\/p>\t\t\t\t\t\t\t\t<\/div>\n\t\t\t\t<\/div>\n\t\t\t\t\t<\/div>\n\t\t<\/div>\n\t\t\t\t\t<\/div>\n\t\t<\/section>\n\t\t\t\t<section class=\"elementor-section elementor-inner-section elementor-element elementor-element-7de49bd1 elementor-section-boxed elementor-section-height-default elementor-section-height-default qodef-elementor-content-no qodef-elementor-stretch-row-no qodef-elementor-overlay-no\" data-id=\"7de49bd1\" data-element_type=\"section\">\n\t\t\t\t\t\t<div class=\"elementor-container elementor-column-gap-default\">\n\t\t\t\t\t<div class=\"elementor-column elementor-col-50 elementor-inner-column elementor-element elementor-element-3420d88\" data-id=\"3420d88\" data-element_type=\"column\">\n\t\t\t<div class=\"elementor-widget-wrap elementor-element-populated\">\n\t\t\t\t\t\t<div class=\"elementor-element elementor-element-38c4740c elementor-widget elementor-widget-image\" data-id=\"38c4740c\" data-element_type=\"widget\" data-widget_type=\"image.default\">\n\t\t\t\t<div class=\"elementor-widget-container\">\n\t\t\t\t\t\t\t\t\t\t\t\t\t\t\t<img decoding=\"async\" src=\"https:\/\/www.stresafestival.eu\/wp-content\/uploads\/elementor\/thumbs\/Stresa-Motta-del-Santo-qjuvkapmb1dphwwmh6238ifl8jxouqcv4ihtzvu89k.jpg\" title=\"Stresa-Motta-del-Santo\" alt=\"Stresa-Motta-del-Santo\" loading=\"lazy\" \/>\t\t\t\t\t\t\t\t\t\t\t\t\t\t\t<\/div>\n\t\t\t\t<\/div>\n\t\t\t\t\t<\/div>\n\t\t<\/div>\n\t\t\t\t<div class=\"elementor-column elementor-col-50 elementor-inner-column elementor-element elementor-element-709d27b4\" data-id=\"709d27b4\" data-element_type=\"column\">\n\t\t\t<div class=\"elementor-widget-wrap elementor-element-populated\">\n\t\t\t\t\t\t<div class=\"elementor-element elementor-element-2d3f1a7 elementor-widget elementor-widget-image\" data-id=\"2d3f1a7\" data-element_type=\"widget\" data-widget_type=\"image.default\">\n\t\t\t\t<div class=\"elementor-widget-container\">\n\t\t\t\t\t\t\t\t\t\t\t\t\t\t\t<img decoding=\"async\" src=\"https:\/\/www.stresafestival.eu\/wp-content\/uploads\/elementor\/thumbs\/Stresa-Motta-del-Santo-1-qjuvma5cqg3i0a0uw0xqi0emdu5l3q8gqc2qgwwb4o.jpg\" title=\"Stresa-Motta-del-Santo-1\" alt=\"Stresa-Motta-del-Santo-1\" loading=\"lazy\" \/>\t\t\t\t\t\t\t\t\t\t\t\t\t\t\t<\/div>\n\t\t\t\t<\/div>\n\t\t\t\t\t<\/div>\n\t\t<\/div>\n\t\t\t\t\t<\/div>\n\t\t<\/section>\n\t\t\t\t<section class=\"elementor-section elementor-inner-section elementor-element elementor-element-b83c42a elementor-section-boxed elementor-section-height-default elementor-section-height-default qodef-elementor-content-no qodef-elementor-stretch-row-no qodef-elementor-overlay-no\" data-id=\"b83c42a\" data-element_type=\"section\">\n\t\t\t\t\t\t<div class=\"elementor-container elementor-column-gap-default\">\n\t\t\t\t\t<div class=\"elementor-column elementor-col-100 elementor-inner-column elementor-element elementor-element-3532bf01\" data-id=\"3532bf01\" data-element_type=\"column\">\n\t\t\t<div class=\"elementor-widget-wrap elementor-element-populated\">\n\t\t\t\t\t\t<div class=\"elementor-element elementor-element-6cf0c8e1 elementor-widget elementor-widget-text-editor\" data-id=\"6cf0c8e1\" data-element_type=\"widget\" data-widget_type=\"text-editor.default\">\n\t\t\t\t<div class=\"elementor-widget-container\">\n\t\t\t\t\t\t\t\t\t<p><strong>Tour guidato in gruppo organizzato in collaborazione con Stresa Bike Rental!<\/strong><strong><br \/><\/strong>Una guida vi accompagner\u00e0 in bicicletta alla scoperta delle bellezze del territorio concludendo la giornata in musica al concerto alla Motta del Santo.<br \/><strong>Attenzione! Si pu\u00f2 partecipare con la propria bicicletta oppure fare il noleggio.<\/strong><\/p><p>Per maggiori informazioni e per prenotazioni contattare la <a href=\"boxoffice@stresafestival.eu\">biglietteria del Festival<\/a>.<\/p>\t\t\t\t\t\t\t\t<\/div>\n\t\t\t\t<\/div>\n\t\t\t\t\t<\/div>\n\t\t<\/div>\n\t\t\t\t\t<\/div>\n\t\t<\/section>\n\t\t\t\t\t<\/div>\n\t\t<\/div>\n\t\t\t\t\t<\/div>\n\t\t<\/section>\n\t\t\t\t<section class=\"elementor-section elementor-top-section elementor-element elementor-element-6f69fba3 elementor-section-full_width elementor-section-height-default elementor-section-height-default qodef-elementor-content-no qodef-elementor-stretch-row-no qodef-elementor-overlay-no\" data-id=\"6f69fba3\" data-element_type=\"section\">\n\t\t\t\t\t\t<div class=\"elementor-container elementor-column-gap-default\">\n\t\t\t\t\t\t<\/div>\n\t\t<\/section>\n\t\t\t\t<\/div>\n\t\t","protected":false},"excerpt":{"rendered":"<p>\u00abQuesta \u00e8 arte, anzi, sarei tentato a dire, Natura\u00bb.Pier Paolo Pasolini Il Festival di Stresa ha molte anime e i \u201cluoghi\u201d del Festival ne sono elemento fondamentale.Quest&#8217;anno la Motta del Santo diventa una delle location per tre concerti green e open-air. La Catapulta, il palco acustico progettato da Michele De Lucchi per il Festival, \u00e8 [&hellip;]<\/p>\n","protected":false},"author":1,"featured_media":30951,"comment_status":"closed","ping_status":"closed","sticky":false,"template":"","format":"standard","meta":{"footnotes":""},"categories":[153,149,148,142],"tags":[165,173,242,196,214,198,238,239],"class_list":["post-34052","post","type-post","status-publish","format-standard","has-post-thumbnail","hentry","category-curiosity","category-eventi-en","category-green-en","category-news-en","tag-bicicletta-en","tag-green-en","tag-inbicialconcerto-en","tag-lago-maggiore-en","tag-mario-brunello-en","tag-stresa-festival-en","tag-stresa-festival-2022-en","tag-weweretrees-en"],"yoast_head":"<!-- This site is optimized with the Yoast SEO plugin v27.4 - https:\/\/yoast.com\/product\/yoast-seo-wordpress\/ -->\n<title>In bici al concerto? S\u00ec! - Stresa Festival Classica &amp; Jazz Lago Maggiore<\/title>\n<meta name=\"robots\" content=\"index, follow, max-snippet:-1, max-image-preview:large, max-video-preview:-1\" \/>\n<link rel=\"canonical\" href=\"https:\/\/www.stresafestival.eu\/en\/in-bici-al-concerto-si\/\" \/>\n<meta property=\"og:locale\" content=\"en_US\" \/>\n<meta property=\"og:type\" content=\"article\" \/>\n<meta property=\"og:title\" content=\"In bici al concerto? S\u00ec! - Stresa Festival Classica &amp; Jazz Lago Maggiore\" \/>\n<meta property=\"og:description\" content=\"\u00abQuesta \u00e8 arte, anzi, sarei tentato a dire, Natura\u00bb.Pier Paolo Pasolini Il Festival di Stresa ha molte anime e i \u201cluoghi\u201d del Festival ne sono elemento fondamentale.Quest&#8217;anno la Motta del Santo diventa una delle location per tre concerti green e open-air. La Catapulta, il palco acustico progettato da Michele De Lucchi per il Festival, \u00e8 [&hellip;]\" \/>\n<meta property=\"og:url\" content=\"https:\/\/www.stresafestival.eu\/en\/in-bici-al-concerto-si\/\" \/>\n<meta property=\"og:site_name\" content=\"Stresa Festival Classica &amp; Jazz Lago Maggiore\" \/>\n<meta property=\"article:published_time\" content=\"2022-05-17T15:40:27+00:00\" \/>\n<meta property=\"article:modified_time\" content=\"2024-04-10T06:21:32+00:00\" \/>\n<meta property=\"og:image\" content=\"https:\/\/www.stresafestival.eu\/wp-content\/uploads\/2022\/05\/Stresa-Motta-del-Santo-sito-news.jpg\" \/>\n\t<meta property=\"og:image:width\" content=\"800\" \/>\n\t<meta property=\"og:image:height\" content=\"800\" \/>\n\t<meta property=\"og:image:type\" content=\"image\/jpeg\" \/>\n<meta name=\"author\" content=\"Stresa Festival\" \/>\n<meta name=\"twitter:card\" content=\"summary_large_image\" \/>\n<meta name=\"twitter:label1\" content=\"Written by\" \/>\n\t<meta name=\"twitter:data1\" content=\"Stresa Festival\" \/>\n\t<meta name=\"twitter:label2\" content=\"Est. reading time\" \/>\n\t<meta name=\"twitter:data2\" content=\"3 minutes\" \/>\n<script type=\"application\/ld+json\" class=\"yoast-schema-graph\">{\"@context\":\"https:\\\/\\\/schema.org\",\"@graph\":[{\"@type\":\"Article\",\"@id\":\"https:\\\/\\\/www.stresafestival.eu\\\/en\\\/in-bici-al-concerto-si\\\/#article\",\"isPartOf\":{\"@id\":\"https:\\\/\\\/www.stresafestival.eu\\\/en\\\/in-bici-al-concerto-si\\\/\"},\"author\":{\"name\":\"Stresa Festival\",\"@id\":\"https:\\\/\\\/www.stresafestival.eu\\\/en\\\/#\\\/schema\\\/person\\\/d1d4d35e3ab663b6d475122d55f35383\"},\"headline\":\"In bici al concerto? S\u00ec!\",\"datePublished\":\"2022-05-17T15:40:27+00:00\",\"dateModified\":\"2024-04-10T06:21:32+00:00\",\"mainEntityOfPage\":{\"@id\":\"https:\\\/\\\/www.stresafestival.eu\\\/en\\\/in-bici-al-concerto-si\\\/\"},\"wordCount\":313,\"image\":{\"@id\":\"https:\\\/\\\/www.stresafestival.eu\\\/en\\\/in-bici-al-concerto-si\\\/#primaryimage\"},\"thumbnailUrl\":\"https:\\\/\\\/www.stresafestival.eu\\\/wp-content\\\/uploads\\\/2022\\\/05\\\/Stresa-Motta-del-Santo-sito-news.jpg\",\"keywords\":[\"Bicicletta\",\"Green\",\"inbicialconcerto\",\"Lago Maggiore\",\"Mario Brunello\",\"Stresa Festival\",\"Stresa Festival 2022\",\"weweretrees\"],\"articleSection\":[\"Curiosity\",\"Events\",\"Green\",\"News\"],\"inLanguage\":\"en-US\"},{\"@type\":\"WebPage\",\"@id\":\"https:\\\/\\\/www.stresafestival.eu\\\/en\\\/in-bici-al-concerto-si\\\/\",\"url\":\"https:\\\/\\\/www.stresafestival.eu\\\/en\\\/in-bici-al-concerto-si\\\/\",\"name\":\"In bici al concerto? S\u00ec! - Stresa Festival Classica &amp; Jazz Lago Maggiore\",\"isPartOf\":{\"@id\":\"https:\\\/\\\/www.stresafestival.eu\\\/en\\\/#website\"},\"primaryImageOfPage\":{\"@id\":\"https:\\\/\\\/www.stresafestival.eu\\\/en\\\/in-bici-al-concerto-si\\\/#primaryimage\"},\"image\":{\"@id\":\"https:\\\/\\\/www.stresafestival.eu\\\/en\\\/in-bici-al-concerto-si\\\/#primaryimage\"},\"thumbnailUrl\":\"https:\\\/\\\/www.stresafestival.eu\\\/wp-content\\\/uploads\\\/2022\\\/05\\\/Stresa-Motta-del-Santo-sito-news.jpg\",\"datePublished\":\"2022-05-17T15:40:27+00:00\",\"dateModified\":\"2024-04-10T06:21:32+00:00\",\"author\":{\"@id\":\"https:\\\/\\\/www.stresafestival.eu\\\/en\\\/#\\\/schema\\\/person\\\/d1d4d35e3ab663b6d475122d55f35383\"},\"breadcrumb\":{\"@id\":\"https:\\\/\\\/www.stresafestival.eu\\\/en\\\/in-bici-al-concerto-si\\\/#breadcrumb\"},\"inLanguage\":\"en-US\",\"potentialAction\":[{\"@type\":\"ReadAction\",\"target\":[\"https:\\\/\\\/www.stresafestival.eu\\\/en\\\/in-bici-al-concerto-si\\\/\"]}]},{\"@type\":\"ImageObject\",\"inLanguage\":\"en-US\",\"@id\":\"https:\\\/\\\/www.stresafestival.eu\\\/en\\\/in-bici-al-concerto-si\\\/#primaryimage\",\"url\":\"https:\\\/\\\/www.stresafestival.eu\\\/wp-content\\\/uploads\\\/2022\\\/05\\\/Stresa-Motta-del-Santo-sito-news.jpg\",\"contentUrl\":\"https:\\\/\\\/www.stresafestival.eu\\\/wp-content\\\/uploads\\\/2022\\\/05\\\/Stresa-Motta-del-Santo-sito-news.jpg\",\"width\":800,\"height\":800},{\"@type\":\"BreadcrumbList\",\"@id\":\"https:\\\/\\\/www.stresafestival.eu\\\/en\\\/in-bici-al-concerto-si\\\/#breadcrumb\",\"itemListElement\":[{\"@type\":\"ListItem\",\"position\":1,\"name\":\"Home\",\"item\":\"https:\\\/\\\/www.stresafestival.eu\\\/en\\\/\"},{\"@type\":\"ListItem\",\"position\":2,\"name\":\"In bici al concerto? S\u00ec!\"}]},{\"@type\":\"WebSite\",\"@id\":\"https:\\\/\\\/www.stresafestival.eu\\\/en\\\/#website\",\"url\":\"https:\\\/\\\/www.stresafestival.eu\\\/en\\\/\",\"name\":\"Stresa Festival Classica &amp; Jazz Lago Maggiore\",\"description\":\"Festival di Musica Classica &amp; Jazz a Stresa sul Lago Maggiore\",\"potentialAction\":[{\"@type\":\"SearchAction\",\"target\":{\"@type\":\"EntryPoint\",\"urlTemplate\":\"https:\\\/\\\/www.stresafestival.eu\\\/en\\\/?s={search_term_string}\"},\"query-input\":{\"@type\":\"PropertyValueSpecification\",\"valueRequired\":true,\"valueName\":\"search_term_string\"}}],\"inLanguage\":\"en-US\"},{\"@type\":\"Person\",\"@id\":\"https:\\\/\\\/www.stresafestival.eu\\\/en\\\/#\\\/schema\\\/person\\\/d1d4d35e3ab663b6d475122d55f35383\",\"name\":\"Stresa Festival\",\"image\":{\"@type\":\"ImageObject\",\"inLanguage\":\"en-US\",\"@id\":\"https:\\\/\\\/secure.gravatar.com\\\/avatar\\\/30771ba39916f9812d6865771807f07addc0cde569f2777e81232bbe78a602b2?s=96&d=mm&r=g\",\"url\":\"https:\\\/\\\/secure.gravatar.com\\\/avatar\\\/30771ba39916f9812d6865771807f07addc0cde569f2777e81232bbe78a602b2?s=96&d=mm&r=g\",\"contentUrl\":\"https:\\\/\\\/secure.gravatar.com\\\/avatar\\\/30771ba39916f9812d6865771807f07addc0cde569f2777e81232bbe78a602b2?s=96&d=mm&r=g\",\"caption\":\"Stresa Festival\"},\"sameAs\":[\"https:\\\/\\\/stresafestival.jamarea.com\"],\"url\":\"https:\\\/\\\/www.stresafestival.eu\\\/en\\\/author\\\/stresajam\\\/\"}]}<\/script>\n<!-- \/ Yoast SEO plugin. -->","yoast_head_json":{"title":"In bici al concerto? S\u00ec! - Stresa Festival Classica &amp; Jazz Lago Maggiore","robots":{"index":"index","follow":"follow","max-snippet":"max-snippet:-1","max-image-preview":"max-image-preview:large","max-video-preview":"max-video-preview:-1"},"canonical":"https:\/\/www.stresafestival.eu\/en\/in-bici-al-concerto-si\/","og_locale":"en_US","og_type":"article","og_title":"In bici al concerto? S\u00ec! - Stresa Festival Classica &amp; Jazz Lago Maggiore","og_description":"\u00abQuesta \u00e8 arte, anzi, sarei tentato a dire, Natura\u00bb.Pier Paolo Pasolini Il Festival di Stresa ha molte anime e i \u201cluoghi\u201d del Festival ne sono elemento fondamentale.Quest&#8217;anno la Motta del Santo diventa una delle location per tre concerti green e open-air. La Catapulta, il palco acustico progettato da Michele De Lucchi per il Festival, \u00e8 [&hellip;]","og_url":"https:\/\/www.stresafestival.eu\/en\/in-bici-al-concerto-si\/","og_site_name":"Stresa Festival Classica &amp; Jazz Lago Maggiore","article_published_time":"2022-05-17T15:40:27+00:00","article_modified_time":"2024-04-10T06:21:32+00:00","og_image":[{"width":800,"height":800,"url":"https:\/\/www.stresafestival.eu\/wp-content\/uploads\/2022\/05\/Stresa-Motta-del-Santo-sito-news.jpg","type":"image\/jpeg"}],"author":"Stresa Festival","twitter_card":"summary_large_image","twitter_misc":{"Written by":"Stresa Festival","Est. reading time":"3 minutes"},"schema":{"@context":"https:\/\/schema.org","@graph":[{"@type":"Article","@id":"https:\/\/www.stresafestival.eu\/en\/in-bici-al-concerto-si\/#article","isPartOf":{"@id":"https:\/\/www.stresafestival.eu\/en\/in-bici-al-concerto-si\/"},"author":{"name":"Stresa Festival","@id":"https:\/\/www.stresafestival.eu\/en\/#\/schema\/person\/d1d4d35e3ab663b6d475122d55f35383"},"headline":"In bici al concerto? S\u00ec!","datePublished":"2022-05-17T15:40:27+00:00","dateModified":"2024-04-10T06:21:32+00:00","mainEntityOfPage":{"@id":"https:\/\/www.stresafestival.eu\/en\/in-bici-al-concerto-si\/"},"wordCount":313,"image":{"@id":"https:\/\/www.stresafestival.eu\/en\/in-bici-al-concerto-si\/#primaryimage"},"thumbnailUrl":"https:\/\/www.stresafestival.eu\/wp-content\/uploads\/2022\/05\/Stresa-Motta-del-Santo-sito-news.jpg","keywords":["Bicicletta","Green","inbicialconcerto","Lago Maggiore","Mario Brunello","Stresa Festival","Stresa Festival 2022","weweretrees"],"articleSection":["Curiosity","Events","Green","News"],"inLanguage":"en-US"},{"@type":"WebPage","@id":"https:\/\/www.stresafestival.eu\/en\/in-bici-al-concerto-si\/","url":"https:\/\/www.stresafestival.eu\/en\/in-bici-al-concerto-si\/","name":"In bici al concerto? S\u00ec! - Stresa Festival Classica &amp; Jazz Lago Maggiore","isPartOf":{"@id":"https:\/\/www.stresafestival.eu\/en\/#website"},"primaryImageOfPage":{"@id":"https:\/\/www.stresafestival.eu\/en\/in-bici-al-concerto-si\/#primaryimage"},"image":{"@id":"https:\/\/www.stresafestival.eu\/en\/in-bici-al-concerto-si\/#primaryimage"},"thumbnailUrl":"https:\/\/www.stresafestival.eu\/wp-content\/uploads\/2022\/05\/Stresa-Motta-del-Santo-sito-news.jpg","datePublished":"2022-05-17T15:40:27+00:00","dateModified":"2024-04-10T06:21:32+00:00","author":{"@id":"https:\/\/www.stresafestival.eu\/en\/#\/schema\/person\/d1d4d35e3ab663b6d475122d55f35383"},"breadcrumb":{"@id":"https:\/\/www.stresafestival.eu\/en\/in-bici-al-concerto-si\/#breadcrumb"},"inLanguage":"en-US","potentialAction":[{"@type":"ReadAction","target":["https:\/\/www.stresafestival.eu\/en\/in-bici-al-concerto-si\/"]}]},{"@type":"ImageObject","inLanguage":"en-US","@id":"https:\/\/www.stresafestival.eu\/en\/in-bici-al-concerto-si\/#primaryimage","url":"https:\/\/www.stresafestival.eu\/wp-content\/uploads\/2022\/05\/Stresa-Motta-del-Santo-sito-news.jpg","contentUrl":"https:\/\/www.stresafestival.eu\/wp-content\/uploads\/2022\/05\/Stresa-Motta-del-Santo-sito-news.jpg","width":800,"height":800},{"@type":"BreadcrumbList","@id":"https:\/\/www.stresafestival.eu\/en\/in-bici-al-concerto-si\/#breadcrumb","itemListElement":[{"@type":"ListItem","position":1,"name":"Home","item":"https:\/\/www.stresafestival.eu\/en\/"},{"@type":"ListItem","position":2,"name":"In bici al concerto? S\u00ec!"}]},{"@type":"WebSite","@id":"https:\/\/www.stresafestival.eu\/en\/#website","url":"https:\/\/www.stresafestival.eu\/en\/","name":"Stresa Festival Classica &amp; Jazz Lago Maggiore","description":"Festival di Musica Classica &amp; Jazz a Stresa sul Lago Maggiore","potentialAction":[{"@type":"SearchAction","target":{"@type":"EntryPoint","urlTemplate":"https:\/\/www.stresafestival.eu\/en\/?s={search_term_string}"},"query-input":{"@type":"PropertyValueSpecification","valueRequired":true,"valueName":"search_term_string"}}],"inLanguage":"en-US"},{"@type":"Person","@id":"https:\/\/www.stresafestival.eu\/en\/#\/schema\/person\/d1d4d35e3ab663b6d475122d55f35383","name":"Stresa Festival","image":{"@type":"ImageObject","inLanguage":"en-US","@id":"https:\/\/secure.gravatar.com\/avatar\/30771ba39916f9812d6865771807f07addc0cde569f2777e81232bbe78a602b2?s=96&d=mm&r=g","url":"https:\/\/secure.gravatar.com\/avatar\/30771ba39916f9812d6865771807f07addc0cde569f2777e81232bbe78a602b2?s=96&d=mm&r=g","contentUrl":"https:\/\/secure.gravatar.com\/avatar\/30771ba39916f9812d6865771807f07addc0cde569f2777e81232bbe78a602b2?s=96&d=mm&r=g","caption":"Stresa Festival"},"sameAs":["https:\/\/stresafestival.jamarea.com"],"url":"https:\/\/www.stresafestival.eu\/en\/author\/stresajam\/"}]}},"_links":{"self":[{"href":"https:\/\/www.stresafestival.eu\/en\/wp-json\/wp\/v2\/posts\/34052","targetHints":{"allow":["GET"]}}],"collection":[{"href":"https:\/\/www.stresafestival.eu\/en\/wp-json\/wp\/v2\/posts"}],"about":[{"href":"https:\/\/www.stresafestival.eu\/en\/wp-json\/wp\/v2\/types\/post"}],"author":[{"embeddable":true,"href":"https:\/\/www.stresafestival.eu\/en\/wp-json\/wp\/v2\/users\/1"}],"replies":[{"embeddable":true,"href":"https:\/\/www.stresafestival.eu\/en\/wp-json\/wp\/v2\/comments?post=34052"}],"version-history":[{"count":1,"href":"https:\/\/www.stresafestival.eu\/en\/wp-json\/wp\/v2\/posts\/34052\/revisions"}],"predecessor-version":[{"id":34264,"href":"https:\/\/www.stresafestival.eu\/en\/wp-json\/wp\/v2\/posts\/34052\/revisions\/34264"}],"wp:featuredmedia":[{"embeddable":true,"href":"https:\/\/www.stresafestival.eu\/en\/wp-json\/wp\/v2\/media\/30951"}],"wp:attachment":[{"href":"https:\/\/www.stresafestival.eu\/en\/wp-json\/wp\/v2\/media?parent=34052"}],"wp:term":[{"taxonomy":"category","embeddable":true,"href":"https:\/\/www.stresafestival.eu\/en\/wp-json\/wp\/v2\/categories?post=34052"},{"taxonomy":"post_tag","embeddable":true,"href":"https:\/\/www.stresafestival.eu\/en\/wp-json\/wp\/v2\/tags?post=34052"}],"curies":[{"name":"wp","href":"https:\/\/api.w.org\/{rel}","templated":true}]}}