 {"id":34056,"date":"2022-05-02T13:10:24","date_gmt":"2022-05-02T13:10:24","guid":{"rendered":"https:\/\/stresafestival.jamarea.com\/2022-la-61ma-edizione-di-stresa-festival-presentata-da-mario-brunello\/"},"modified":"2024-04-10T06:22:54","modified_gmt":"2024-04-10T06:22:54","slug":"2022-la-61ma-edizione-di-stresa-festival-presentata-da-mario-brunello","status":"publish","type":"post","link":"https:\/\/www.stresafestival.eu\/en\/2022-la-61ma-edizione-di-stresa-festival-presentata-da-mario-brunello\/","title":{"rendered":"2022: la 61ma edizione di Stresa Festival presentata da Mario Brunello"},"content":{"rendered":"\t\t<div data-elementor-type=\"wp-post\" data-elementor-id=\"34056\" class=\"elementor elementor-34056 elementor-29562\" data-elementor-post-type=\"post\">\n\t\t\t\t\t\t<section class=\"elementor-section elementor-top-section elementor-element elementor-element-78aceccd elementor-section-full_width elementor-section-height-default elementor-section-height-default qodef-elementor-content-no qodef-elementor-stretch-row-no qodef-elementor-overlay-no\" data-id=\"78aceccd\" data-element_type=\"section\">\n\t\t\t\t\t\t<div class=\"elementor-container elementor-column-gap-default\">\n\t\t\t\t\t\t<\/div>\n\t\t<\/section>\n\t\t\t\t<section class=\"elementor-section elementor-top-section elementor-element elementor-element-2178f6b7 elementor-section-full_width elementor-section-height-default elementor-section-height-default qodef-elementor-content-no qodef-elementor-stretch-row-no qodef-elementor-overlay-no\" data-id=\"2178f6b7\" data-element_type=\"section\">\n\t\t\t\t\t\t<div class=\"elementor-container elementor-column-gap-default\">\n\t\t\t\t\t<div class=\"elementor-column elementor-col-100 elementor-top-column elementor-element elementor-element-5bdb8c3d\" data-id=\"5bdb8c3d\" data-element_type=\"column\">\n\t\t\t<div class=\"elementor-widget-wrap elementor-element-populated\">\n\t\t\t\t\t\t<div class=\"elementor-element elementor-element-157a5439 elementor-widget elementor-widget-text-editor\" data-id=\"157a5439\" data-element_type=\"widget\" data-widget_type=\"text-editor.default\">\n\t\t\t\t<div class=\"elementor-widget-container\">\n\t\t\t\t\t\t\t\t\t<p><strong><em>\u00abCertamente il punto di inizio di ogni composizione bachiana \u00e8 gi\u00e0 altissimo. E tutto il resto non dovr\u00e0 che mantenersi alla medesima altezza. Quindi, se vorremo scegliere un\u2019immagine per la direzione della sua musica non credo ci sia nulla di pi\u00f9 adatto che una retta orizzontale <\/em><em>[\u2026<\/em><em>] Quindi l\u2019ascoltatore ritrova in s\u00e9, prevedendolo punto per punto, il cammino che percorrer\u00e0 la musica fino alla sua conclusione, di solito necessarissima. Questa \u00e8 arte, anzi, sarei tentato a dire, Natura\u00bb.<br \/><\/em>Pier Paolo Pasolini<\/strong><\/p>\t\t\t\t\t\t\t\t<\/div>\n\t\t\t\t<\/div>\n\t\t\t\t\t<\/div>\n\t\t<\/div>\n\t\t\t\t\t<\/div>\n\t\t<\/section>\n\t\t\t\t<section class=\"elementor-section elementor-top-section elementor-element elementor-element-378f26f4 elementor-section-full_width elementor-section-height-default elementor-section-height-default qodef-elementor-content-no qodef-elementor-stretch-row-no qodef-elementor-overlay-no\" data-id=\"378f26f4\" data-element_type=\"section\">\n\t\t\t\t\t\t<div class=\"elementor-container elementor-column-gap-default\">\n\t\t\t\t\t<div class=\"elementor-column elementor-col-100 elementor-top-column elementor-element elementor-element-30d7a14c\" data-id=\"30d7a14c\" data-element_type=\"column\">\n\t\t\t<div class=\"elementor-widget-wrap elementor-element-populated\">\n\t\t\t\t\t\t<div class=\"elementor-element elementor-element-705862ff elementor-widget elementor-widget-text-editor\" data-id=\"705862ff\" data-element_type=\"widget\" data-widget_type=\"text-editor.default\">\n\t\t\t\t<div class=\"elementor-widget-container\">\n\t\t\t\t\t\t\t\t\t<blockquote><p>Per l\u2019edizione 2022 di Stresa Festival musica altissima.<\/p><p>Cos\u00ec Pier Paolo Pasolini dice della musica di Bach e il Festival, per ricordare il centenario della nascita del grande intellettuale, vuole provare a cogliere il suo pensiero sia su Bach che sulla musica in generale. Un pensiero acutissimo e profondo sul potere dell\u2019arte musicale, sia essa di provenienza colta o popolare.<\/p><\/blockquote>\t\t\t\t\t\t\t\t<\/div>\n\t\t\t\t<\/div>\n\t\t\t\t\t<\/div>\n\t\t<\/div>\n\t\t\t\t\t<\/div>\n\t\t<\/section>\n\t\t\t\t<section class=\"elementor-section elementor-top-section elementor-element elementor-element-7af9f4b3 elementor-section-full_width elementor-section-height-default elementor-section-height-default qodef-elementor-content-no qodef-elementor-stretch-row-no qodef-elementor-overlay-no\" data-id=\"7af9f4b3\" data-element_type=\"section\">\n\t\t\t\t\t\t<div class=\"elementor-container elementor-column-gap-default\">\n\t\t\t\t\t<div class=\"elementor-column elementor-col-100 elementor-top-column elementor-element elementor-element-28bfad8c\" data-id=\"28bfad8c\" data-element_type=\"column\">\n\t\t\t<div class=\"elementor-widget-wrap elementor-element-populated\">\n\t\t\t\t\t\t<div class=\"elementor-element elementor-element-77a73362 elementor-widget elementor-widget-text-editor\" data-id=\"77a73362\" data-element_type=\"widget\" data-widget_type=\"text-editor.default\">\n\t\t\t\t<div class=\"elementor-widget-container\">\n\t\t\t\t\t\t\t\t\t<div class=\"page\" title=\"Page 1\"><div class=\"layoutArea\"><div class=\"column\"><p>Il Focus su Pasolini includer\u00e0, in luglio, il concerto di <strong>Patti Smith<\/strong>, testimone dell\u2019influenza che P.P.P. ha avuto trasversalmente sulla cultura musicale. Il concerto sar\u00e0 volutamente ambientato in un luogo pasoliniano, il Tecnoparco, impressionante ultima opera del grande architetto Aldo Rossi.<\/p><p>Dopo <strong>Isola in Festival<\/strong>, evento sull\u2019<strong>Isola Pescatori <\/strong>dal titolo <em>Le Isole di Pasolini<\/em>, che dar\u00e0 il via alla rassegna, troveremo per due serate <em>Cinemambulante<\/em>, con la proiezione integrale di <em>Accattone<\/em> e con una selezione di film del regista friulano reinterpretate dal vivo dal pianista <strong>Umberto Petrin<\/strong>.<\/p><p>La <em>Passione secondo Matteo <\/em>di J.<em>S<\/em>. Bach aprir\u00e0 il Festival ad agosto e sar\u00e0 una Passione dove la figura dell\u2019evangelista, ovvero il narratore, vedr\u00e0 protagonista il danzatore-cantante napoletano, <strong>Vincenzo Capezzuto<\/strong>, dalla voce androgina che attraversa generi e epoche, per una versione inedita, tutta italiana, del capolavoro bachiano tanto amato da Pasolini.<\/p><p>Lo stesso Pasolini amava anche il Bach delle <em>Sonate e Partite per violino solo<\/em> &#8211; che saranno interpretate dalla star del violino barocco <strong>Amandine Beyer<\/strong> \u2013 e si era dedicato all\u2019espressivit\u00e0 musicale della lingua friulana, che ascolteremo nel concerto del <strong>Coro del Friuli Venezia Giulia<\/strong>, in cui il testo teatrale <em>I Turcs tal Fri\u00f9l<\/em> di Pasolini, musicato da Luigi Nono e da Giovanna Marini, sar\u00e0 alternato a Corali di Bach.<\/p><p>E poi ancora Pasolini con le parole scritte per le canzoni, musicate e rese popolari da Morricone, Modugno, Endrigo, Betti, che <strong>Marco Beasley<\/strong> interpreter\u00e0 insieme a musiche di tradizione popolare scelte da Pasolini per i suoi film pi\u00f9 famosi.<\/p><\/div><\/div><\/div>\t\t\t\t\t\t\t\t<\/div>\n\t\t\t\t<\/div>\n\t\t\t\t\t<\/div>\n\t\t<\/div>\n\t\t\t\t\t<\/div>\n\t\t<\/section>\n\t\t\t\t<section class=\"elementor-section elementor-top-section elementor-element elementor-element-34f0cdac elementor-section-full_width elementor-section-height-default elementor-section-height-default qodef-elementor-content-no qodef-elementor-stretch-row-no qodef-elementor-overlay-no\" data-id=\"34f0cdac\" data-element_type=\"section\">\n\t\t\t\t\t\t<div class=\"elementor-container elementor-column-gap-default\">\n\t\t\t\t\t<div class=\"elementor-column elementor-col-100 elementor-top-column elementor-element elementor-element-2e4c4697\" data-id=\"2e4c4697\" data-element_type=\"column\">\n\t\t\t<div class=\"elementor-widget-wrap elementor-element-populated\">\n\t\t\t\t\t\t<div class=\"elementor-element elementor-element-497ab9d0 elementor-widget elementor-widget-image\" data-id=\"497ab9d0\" data-element_type=\"widget\" data-widget_type=\"image.default\">\n\t\t\t\t<div class=\"elementor-widget-container\">\n\t\t\t\t\t\t\t\t\t\t\t\t\t\t\t<img fetchpriority=\"high\" decoding=\"async\" width=\"800\" height=\"800\" src=\"https:\/\/www.stresafestival.eu\/wp-content\/uploads\/2024\/02\/20220729-Stresa-Festival-22-Patti-an-OK.jpg\" class=\"attachment-full size-full wp-image-30692\" alt=\"\" srcset=\"https:\/\/www.stresafestival.eu\/wp-content\/uploads\/2024\/02\/20220729-Stresa-Festival-22-Patti-an-OK.jpg 800w, https:\/\/www.stresafestival.eu\/wp-content\/uploads\/2024\/02\/20220729-Stresa-Festival-22-Patti-an-OK-300x300.jpg 300w, https:\/\/www.stresafestival.eu\/wp-content\/uploads\/2024\/02\/20220729-Stresa-Festival-22-Patti-an-OK-150x150.jpg 150w, https:\/\/www.stresafestival.eu\/wp-content\/uploads\/2024\/02\/20220729-Stresa-Festival-22-Patti-an-OK-768x768.jpg 768w, https:\/\/www.stresafestival.eu\/wp-content\/uploads\/2024\/02\/20220729-Stresa-Festival-22-Patti-an-OK-650x650.jpg 650w\" sizes=\"(max-width: 800px) 100vw, 800px\" \/>\t\t\t\t\t\t\t\t\t\t\t\t\t\t\t<\/div>\n\t\t\t\t<\/div>\n\t\t\t\t\t<\/div>\n\t\t<\/div>\n\t\t\t\t\t<\/div>\n\t\t<\/section>\n\t\t\t\t<section class=\"elementor-section elementor-top-section elementor-element elementor-element-fdd0e33 elementor-section-full_width elementor-section-height-default elementor-section-height-default qodef-elementor-content-no qodef-elementor-stretch-row-no qodef-elementor-overlay-no\" data-id=\"fdd0e33\" data-element_type=\"section\">\n\t\t\t\t\t\t<div class=\"elementor-container elementor-column-gap-default\">\n\t\t\t\t\t<div class=\"elementor-column elementor-col-100 elementor-top-column elementor-element elementor-element-6f6acf4d\" data-id=\"6f6acf4d\" data-element_type=\"column\">\n\t\t\t<div class=\"elementor-widget-wrap elementor-element-populated\">\n\t\t\t\t\t\t<div class=\"elementor-element elementor-element-2832aea8 elementor-widget elementor-widget-text-editor\" data-id=\"2832aea8\" data-element_type=\"widget\" data-widget_type=\"text-editor.default\">\n\t\t\t\t<div class=\"elementor-widget-container\">\n\t\t\t\t\t\t\t\t\t<div class=\"page\" title=\"Page 1\"><div class=\"layoutArea\"><div class=\"column\"><p>Il Festival di Stresa ha molte anime e i \u201cluoghi\u201d del Festival ne sono elemento fondamentale. A partire da Palazzo Congressi che con la sua rinnovata acustica ospiter\u00e0, oltre alla monumentale <em>Passione secondo Matteo<\/em> con <strong>l\u2019Accademia dell\u2019Annunciata<\/strong> diretta da <strong>Riccardo Doni<\/strong>, il suono ottocentesco di due pianoforti dell\u2019epoca nella <em>Petite Messe Solennelle<\/em> di Rossini con il <strong>Coro Ghisleri <\/strong>diretto da <strong>Giulio Prandi<\/strong> e il suono energetico dell\u2019<strong>Orchestra Nazionale Jazz dei Conservatori Italiani <\/strong>diretta da <strong>Paolo Silvestri<\/strong> nelle musiche di Morricone, con la tromba di <strong>Fabrizio Bosso<\/strong>.<\/p><p>La nuova stanza per la musica di Stresa Festival si chiama <a href=\"http:\/\/www.stresafestival.eu\/la-catapulta-il-palco-acustico-progettato-da-michele-de-lucchi-per-il-festival\/\"><strong>Catapulta<\/strong><\/a>. \u00c8 la camera acustica tutta in legno, disegnata da <strong>Michele De Lucchi<\/strong> e troveremo questo scrigno trasportabile di suono prezioso in tre luoghi diversi, a contatto con la natura e la bellezza del territorio: a Stresa sul <strong>Lungolago La Palazzola<\/strong>, in luglio, per ospitare tre diverse serate in cui il violino jazz, l\u2019improvvisazione, la musica popolare sudamericana, irlandese, bretone, balcanica si accender\u00e0 con violinisti <strong>Giles Apap, Alexis Cardenas e Ricardo Herz,<\/strong> assieme a grandi musicisti del panorama jazzistico internazionale; sull\u2019<strong>Isola Bella<\/strong>, per tre serate con il suono classico del quartetto d\u2019archi<strong> Vision String Quartet<\/strong> e con il virtuosismo di <strong>Giuseppe Gibboni<\/strong> vincitore dell\u2019ultimo Premio Paganini e con le canzoni di Pasolini; alla <strong>Motta del Santo<\/strong>, un luogo immerso in una natura fiabesca, prati e boschi sospesi sopra il lago, da raggiungere anche con una bella passeggiata a piedi o in bicicletta (anche elettrica\u2026) in cui troveremo al tramonto il suono naturale della Catapulta per tre concerti, il violino solo di <strong>Amandine Beyer<\/strong> in Bach, il pianoforte di <strong>Andrea Lucchesini<\/strong> per un omaggio a Chopin e Franck e le affascinanti melodie di musiche da film con il suono del violoncello e \u00a0della fisarmonica di <strong>Mario<\/strong> <strong>Brunello e Ivano Battiston<\/strong> con i <strong>giovani dello Stresa Festival Young, <\/strong>\u00a0musicisti e arrangiatori delle musiche in programma. \u00a0Un calice di buon vino \u201cnaturale\u201d concluder\u00e0 le serate.<\/p><\/div><\/div><\/div>\t\t\t\t\t\t\t\t<\/div>\n\t\t\t\t<\/div>\n\t\t\t\t\t<\/div>\n\t\t<\/div>\n\t\t\t\t\t<\/div>\n\t\t<\/section>\n\t\t\t\t<section class=\"elementor-section elementor-top-section elementor-element elementor-element-324a5cad elementor-section-full_width elementor-section-height-default elementor-section-height-default qodef-elementor-content-no qodef-elementor-stretch-row-no qodef-elementor-overlay-no\" data-id=\"324a5cad\" data-element_type=\"section\">\n\t\t\t\t\t\t<div class=\"elementor-container elementor-column-gap-default\">\n\t\t\t\t\t<div class=\"elementor-column elementor-col-50 elementor-top-column elementor-element elementor-element-376d7e98\" data-id=\"376d7e98\" data-element_type=\"column\">\n\t\t\t<div class=\"elementor-widget-wrap elementor-element-populated\">\n\t\t\t\t\t\t<div class=\"elementor-element elementor-element-6baa95d4 elementor-widget elementor-widget-image\" data-id=\"6baa95d4\" data-element_type=\"widget\" data-widget_type=\"image.default\">\n\t\t\t\t<div class=\"elementor-widget-container\">\n\t\t\t\t\t\t\t\t\t\t\t\t\t\t\t<img decoding=\"async\" width=\"1500\" height=\"998\" src=\"https:\/\/www.stresafestival.eu\/wp-content\/uploads\/2022\/05\/catapulta_c_L_Di_Nozzi.jpg\" class=\"attachment-full size-full wp-image-30957\" alt=\"\" srcset=\"https:\/\/www.stresafestival.eu\/wp-content\/uploads\/2022\/05\/catapulta_c_L_Di_Nozzi.jpg 1500w, https:\/\/www.stresafestival.eu\/wp-content\/uploads\/2022\/05\/catapulta_c_L_Di_Nozzi-300x200.jpg 300w, https:\/\/www.stresafestival.eu\/wp-content\/uploads\/2022\/05\/catapulta_c_L_Di_Nozzi-1024x681.jpg 1024w, https:\/\/www.stresafestival.eu\/wp-content\/uploads\/2022\/05\/catapulta_c_L_Di_Nozzi-768x511.jpg 768w\" sizes=\"(max-width: 1500px) 100vw, 1500px\" \/>\t\t\t\t\t\t\t\t\t\t\t\t\t\t\t<\/div>\n\t\t\t\t<\/div>\n\t\t\t\t\t<\/div>\n\t\t<\/div>\n\t\t\t\t<div class=\"elementor-column elementor-col-50 elementor-top-column elementor-element elementor-element-7f6a0725\" data-id=\"7f6a0725\" data-element_type=\"column\">\n\t\t\t<div class=\"elementor-widget-wrap elementor-element-populated\">\n\t\t\t\t\t\t<div class=\"elementor-element elementor-element-28318ae9 elementor-widget elementor-widget-image\" data-id=\"28318ae9\" data-element_type=\"widget\" data-widget_type=\"image.default\">\n\t\t\t\t<div class=\"elementor-widget-container\">\n\t\t\t\t\t\t\t\t\t\t\t\t\t\t\t<img decoding=\"async\" width=\"1500\" height=\"998\" src=\"https:\/\/www.stresafestival.eu\/wp-content\/uploads\/2022\/06\/210717_c_L_Di_Nozzi_0140.jpg\" class=\"attachment-full size-full wp-image-30942\" alt=\"\" srcset=\"https:\/\/www.stresafestival.eu\/wp-content\/uploads\/2022\/06\/210717_c_L_Di_Nozzi_0140.jpg 1500w, https:\/\/www.stresafestival.eu\/wp-content\/uploads\/2022\/06\/210717_c_L_Di_Nozzi_0140-300x200.jpg 300w, https:\/\/www.stresafestival.eu\/wp-content\/uploads\/2022\/06\/210717_c_L_Di_Nozzi_0140-1024x681.jpg 1024w, https:\/\/www.stresafestival.eu\/wp-content\/uploads\/2022\/06\/210717_c_L_Di_Nozzi_0140-768x511.jpg 768w\" sizes=\"(max-width: 1500px) 100vw, 1500px\" \/>\t\t\t\t\t\t\t\t\t\t\t\t\t\t\t<\/div>\n\t\t\t\t<\/div>\n\t\t\t\t\t<\/div>\n\t\t<\/div>\n\t\t\t\t\t<\/div>\n\t\t<\/section>\n\t\t\t\t<section class=\"elementor-section elementor-top-section elementor-element elementor-element-1006ac6b elementor-section-full_width elementor-section-height-default elementor-section-height-default qodef-elementor-content-no qodef-elementor-stretch-row-no qodef-elementor-overlay-no\" data-id=\"1006ac6b\" data-element_type=\"section\">\n\t\t\t\t\t\t<div class=\"elementor-container elementor-column-gap-default\">\n\t\t\t\t\t<div class=\"elementor-column elementor-col-100 elementor-top-column elementor-element elementor-element-59f65770\" data-id=\"59f65770\" data-element_type=\"column\">\n\t\t\t<div class=\"elementor-widget-wrap elementor-element-populated\">\n\t\t\t\t\t\t<div class=\"elementor-element elementor-element-5d7e2413 elementor-widget elementor-widget-text-editor\" data-id=\"5d7e2413\" data-element_type=\"widget\" data-widget_type=\"text-editor.default\">\n\t\t\t\t<div class=\"elementor-widget-container\">\n\t\t\t\t\t\t\t\t\t<div class=\"page\" title=\"Page 2\"><div class=\"layoutArea\"><div class=\"column\"><p>Tra gli altri luoghi del Festival la <strong>Loggia del Cashmere all\u2019Isola Madre<\/strong>, per il quartetto \u201cAmericano\u201d di Dvorak con il <strong>Signum Saxophone Quartet<\/strong>, le absidi del XI secolo della piccola <strong>chiesa romanica di Montorfano<\/strong>, luogo fuori dal tempo, con il sax e la fisarmonica di due leggende del jazz, <strong>Trovesi e Coscia, <\/strong>\u00a0il grande organo della <strong>chiesa di Sant\u2019Ambrogio a Stresa<\/strong> per un omaggio a Bach e Franck (bicentenario della nascita) di <strong>Oliver Latry<\/strong> organista della Cattedrale di Notre-Dame di Parigi e il <strong>Sacro Monte di Ghiffa<\/strong> affacciato sul lago per la serata con il <strong>Coro del Friuli Venezia Giulia<\/strong>.<\/p><p>Appuntamenti speciali in ambienti inusuali saranno quelli nel capannone industriale sede della logistica del prestigioso brand <strong>Herno<\/strong>, dove tra linee robotizzate e montagne di scatoloni ci sar\u00e0 il violoncellista tedesco <strong>Stephan Braun<\/strong>, capace di ricreare un\u2019orchestra con le sue improvvisazioni su un solo strumento e infine un campo da tennis\u2026 per una partita di tennis musicale con la trasgressiva ed esilarante <strong>Banda Osiris<\/strong>, allo Sporting Club di Lesa.<\/p><p>Concerto di chiusura con Beethoven, Mozart e la sinfonia di Schubert \u201cLa Grande\u201d e la <strong>Sinfonieorchester Basel<\/strong> diretta da <strong>Ivor Bolton<\/strong> con <strong>Akiko Suwanai<\/strong> al violino.<\/p><p>E non mancher\u00e0 la possibilit\u00e0 di stare a contatto con gli artisti. Anche quest\u2019anno gli <strong>Album,<\/strong> occasioni di incontro, di scoperta, chiacchierate informali, visite e passeggiate con gli artisti ospiti di Stresa Festival.<\/p><p><em>Mario Brunello<\/em><\/p><\/div><\/div><\/div>\t\t\t\t\t\t\t\t<\/div>\n\t\t\t\t<\/div>\n\t\t\t\t\t<\/div>\n\t\t<\/div>\n\t\t\t\t\t<\/div>\n\t\t<\/section>\n\t\t\t\t<section class=\"elementor-section elementor-top-section elementor-element elementor-element-3b737d52 elementor-section-full_width elementor-section-height-default elementor-section-height-default qodef-elementor-content-no qodef-elementor-stretch-row-no qodef-elementor-overlay-no\" data-id=\"3b737d52\" data-element_type=\"section\">\n\t\t\t\t\t\t<div class=\"elementor-container elementor-column-gap-default\">\n\t\t\t\t\t<div class=\"elementor-column elementor-col-100 elementor-top-column elementor-element elementor-element-25ba3b86\" data-id=\"25ba3b86\" data-element_type=\"column\">\n\t\t\t<div class=\"elementor-widget-wrap elementor-element-populated\">\n\t\t\t\t\t\t<div class=\"elementor-element elementor-element-f020cb elementor-widget elementor-widget-spacer\" data-id=\"f020cb\" data-element_type=\"widget\" data-widget_type=\"spacer.default\">\n\t\t\t\t<div class=\"elementor-widget-container\">\n\t\t\t\t\t\t\t<div class=\"elementor-spacer\">\n\t\t\t<div class=\"elementor-spacer-inner\"><\/div>\n\t\t<\/div>\n\t\t\t\t\t\t<\/div>\n\t\t\t\t<\/div>\n\t\t\t\t<div class=\"elementor-element elementor-element-b17d68a elementor-widget elementor-widget-image\" data-id=\"b17d68a\" data-element_type=\"widget\" data-widget_type=\"image.default\">\n\t\t\t\t<div class=\"elementor-widget-container\">\n\t\t\t\t\t\t\t\t\t\t\t\t\t\t\t<img loading=\"lazy\" decoding=\"async\" width=\"1500\" height=\"998\" src=\"https:\/\/www.stresafestival.eu\/wp-content\/uploads\/2024\/02\/210904_c_L_Di_Nozzi_0026.jpg\" class=\"attachment-full size-full wp-image-30693\" alt=\"\" srcset=\"https:\/\/www.stresafestival.eu\/wp-content\/uploads\/2024\/02\/210904_c_L_Di_Nozzi_0026.jpg 1500w, https:\/\/www.stresafestival.eu\/wp-content\/uploads\/2024\/02\/210904_c_L_Di_Nozzi_0026-300x200.jpg 300w, https:\/\/www.stresafestival.eu\/wp-content\/uploads\/2024\/02\/210904_c_L_Di_Nozzi_0026-1024x681.jpg 1024w, https:\/\/www.stresafestival.eu\/wp-content\/uploads\/2024\/02\/210904_c_L_Di_Nozzi_0026-768x511.jpg 768w\" sizes=\"(max-width: 1500px) 100vw, 1500px\" \/>\t\t\t\t\t\t\t\t\t\t\t\t\t\t\t<\/div>\n\t\t\t\t<\/div>\n\t\t\t\t<div class=\"elementor-element elementor-element-35409c12 elementor-widget elementor-widget-spacer\" data-id=\"35409c12\" data-element_type=\"widget\" data-widget_type=\"spacer.default\">\n\t\t\t\t<div class=\"elementor-widget-container\">\n\t\t\t\t\t\t\t<div class=\"elementor-spacer\">\n\t\t\t<div class=\"elementor-spacer-inner\"><\/div>\n\t\t<\/div>\n\t\t\t\t\t\t<\/div>\n\t\t\t\t<\/div>\n\t\t\t\t\t<\/div>\n\t\t<\/div>\n\t\t\t\t\t<\/div>\n\t\t<\/section>\n\t\t\t\t<\/div>\n\t\t","protected":false},"excerpt":{"rendered":"<p>\u00abCertamente il punto di inizio di ogni composizione bachiana \u00e8 gi\u00e0 altissimo. E tutto il resto non dovr\u00e0 che mantenersi alla medesima altezza. Quindi, se vorremo scegliere un\u2019immagine per la direzione della sua musica non credo ci sia nulla di pi\u00f9 adatto che una retta orizzontale [\u2026] Quindi l\u2019ascoltatore ritrova in s\u00e9, prevedendolo punto per [&hellip;]<\/p>\n","protected":false},"author":1,"featured_media":30533,"comment_status":"closed","ping_status":"closed","sticky":false,"template":"","format":"standard","meta":{"footnotes":""},"categories":[149,142],"tags":[196,214,198,238],"class_list":["post-34056","post","type-post","status-publish","format-standard","has-post-thumbnail","hentry","category-eventi-en","category-news-en","tag-lago-maggiore-en","tag-mario-brunello-en","tag-stresa-festival-en","tag-stresa-festival-2022-en"],"yoast_head":"<!-- This site is optimized with the Yoast SEO plugin v27.4 - https:\/\/yoast.com\/product\/yoast-seo-wordpress\/ -->\n<title>2022: la 61ma edizione di Stresa Festival presentata da Mario Brunello - Stresa Festival Classica &amp; Jazz Lago Maggiore<\/title>\n<meta name=\"robots\" content=\"index, follow, max-snippet:-1, max-image-preview:large, max-video-preview:-1\" \/>\n<link rel=\"canonical\" href=\"https:\/\/www.stresafestival.eu\/en\/2022-la-61ma-edizione-di-stresa-festival-presentata-da-mario-brunello\/\" \/>\n<meta property=\"og:locale\" content=\"en_US\" \/>\n<meta property=\"og:type\" content=\"article\" \/>\n<meta property=\"og:title\" content=\"2022: la 61ma edizione di Stresa Festival presentata da Mario Brunello - Stresa Festival Classica &amp; Jazz Lago Maggiore\" \/>\n<meta property=\"og:description\" content=\"\u00abCertamente il punto di inizio di ogni composizione bachiana \u00e8 gi\u00e0 altissimo. E tutto il resto non dovr\u00e0 che mantenersi alla medesima altezza. Quindi, se vorremo scegliere un\u2019immagine per la direzione della sua musica non credo ci sia nulla di pi\u00f9 adatto che una retta orizzontale [\u2026] Quindi l\u2019ascoltatore ritrova in s\u00e9, prevedendolo punto per [&hellip;]\" \/>\n<meta property=\"og:url\" content=\"https:\/\/www.stresafestival.eu\/en\/2022-la-61ma-edizione-di-stresa-festival-presentata-da-mario-brunello\/\" \/>\n<meta property=\"og:site_name\" content=\"Stresa Festival Classica &amp; Jazz Lago Maggiore\" \/>\n<meta property=\"article:published_time\" content=\"2022-05-02T13:10:24+00:00\" \/>\n<meta property=\"article:modified_time\" content=\"2024-04-10T06:22:54+00:00\" \/>\n<meta property=\"og:image\" content=\"https:\/\/www.stresafestival.eu\/wp-content\/uploads\/2024\/02\/Mario-Brunello-\u00a9GiulioFavotto.jpg\" \/>\n\t<meta property=\"og:image:width\" content=\"998\" \/>\n\t<meta property=\"og:image:height\" content=\"1500\" \/>\n\t<meta property=\"og:image:type\" content=\"image\/jpeg\" \/>\n<meta name=\"author\" content=\"Stresa Festival\" \/>\n<meta name=\"twitter:card\" content=\"summary_large_image\" \/>\n<meta name=\"twitter:label1\" content=\"Written by\" \/>\n\t<meta name=\"twitter:data1\" content=\"Stresa Festival\" \/>\n\t<meta name=\"twitter:label2\" content=\"Est. reading time\" \/>\n\t<meta name=\"twitter:data2\" content=\"6 minutes\" \/>\n<script type=\"application\/ld+json\" class=\"yoast-schema-graph\">{\"@context\":\"https:\\\/\\\/schema.org\",\"@graph\":[{\"@type\":\"Article\",\"@id\":\"https:\\\/\\\/www.stresafestival.eu\\\/en\\\/2022-la-61ma-edizione-di-stresa-festival-presentata-da-mario-brunello\\\/#article\",\"isPartOf\":{\"@id\":\"https:\\\/\\\/www.stresafestival.eu\\\/en\\\/2022-la-61ma-edizione-di-stresa-festival-presentata-da-mario-brunello\\\/\"},\"author\":{\"name\":\"Stresa Festival\",\"@id\":\"https:\\\/\\\/www.stresafestival.eu\\\/en\\\/#\\\/schema\\\/person\\\/d1d4d35e3ab663b6d475122d55f35383\"},\"headline\":\"2022: la 61ma edizione di Stresa Festival presentata da Mario Brunello\",\"datePublished\":\"2022-05-02T13:10:24+00:00\",\"dateModified\":\"2024-04-10T06:22:54+00:00\",\"mainEntityOfPage\":{\"@id\":\"https:\\\/\\\/www.stresafestival.eu\\\/en\\\/2022-la-61ma-edizione-di-stresa-festival-presentata-da-mario-brunello\\\/\"},\"wordCount\":964,\"image\":{\"@id\":\"https:\\\/\\\/www.stresafestival.eu\\\/en\\\/2022-la-61ma-edizione-di-stresa-festival-presentata-da-mario-brunello\\\/#primaryimage\"},\"thumbnailUrl\":\"https:\\\/\\\/www.stresafestival.eu\\\/wp-content\\\/uploads\\\/2024\\\/02\\\/Mario-Brunello-\u00a9GiulioFavotto.jpg\",\"keywords\":[\"Lago Maggiore\",\"Mario Brunello\",\"Stresa Festival\",\"Stresa Festival 2022\"],\"articleSection\":[\"Events\",\"News\"],\"inLanguage\":\"en-US\"},{\"@type\":\"WebPage\",\"@id\":\"https:\\\/\\\/www.stresafestival.eu\\\/en\\\/2022-la-61ma-edizione-di-stresa-festival-presentata-da-mario-brunello\\\/\",\"url\":\"https:\\\/\\\/www.stresafestival.eu\\\/en\\\/2022-la-61ma-edizione-di-stresa-festival-presentata-da-mario-brunello\\\/\",\"name\":\"2022: la 61ma edizione di Stresa Festival presentata da Mario Brunello - Stresa Festival Classica &amp; Jazz Lago Maggiore\",\"isPartOf\":{\"@id\":\"https:\\\/\\\/www.stresafestival.eu\\\/en\\\/#website\"},\"primaryImageOfPage\":{\"@id\":\"https:\\\/\\\/www.stresafestival.eu\\\/en\\\/2022-la-61ma-edizione-di-stresa-festival-presentata-da-mario-brunello\\\/#primaryimage\"},\"image\":{\"@id\":\"https:\\\/\\\/www.stresafestival.eu\\\/en\\\/2022-la-61ma-edizione-di-stresa-festival-presentata-da-mario-brunello\\\/#primaryimage\"},\"thumbnailUrl\":\"https:\\\/\\\/www.stresafestival.eu\\\/wp-content\\\/uploads\\\/2024\\\/02\\\/Mario-Brunello-\u00a9GiulioFavotto.jpg\",\"datePublished\":\"2022-05-02T13:10:24+00:00\",\"dateModified\":\"2024-04-10T06:22:54+00:00\",\"author\":{\"@id\":\"https:\\\/\\\/www.stresafestival.eu\\\/en\\\/#\\\/schema\\\/person\\\/d1d4d35e3ab663b6d475122d55f35383\"},\"breadcrumb\":{\"@id\":\"https:\\\/\\\/www.stresafestival.eu\\\/en\\\/2022-la-61ma-edizione-di-stresa-festival-presentata-da-mario-brunello\\\/#breadcrumb\"},\"inLanguage\":\"en-US\",\"potentialAction\":[{\"@type\":\"ReadAction\",\"target\":[\"https:\\\/\\\/www.stresafestival.eu\\\/en\\\/2022-la-61ma-edizione-di-stresa-festival-presentata-da-mario-brunello\\\/\"]}]},{\"@type\":\"ImageObject\",\"inLanguage\":\"en-US\",\"@id\":\"https:\\\/\\\/www.stresafestival.eu\\\/en\\\/2022-la-61ma-edizione-di-stresa-festival-presentata-da-mario-brunello\\\/#primaryimage\",\"url\":\"https:\\\/\\\/www.stresafestival.eu\\\/wp-content\\\/uploads\\\/2024\\\/02\\\/Mario-Brunello-\u00a9GiulioFavotto.jpg\",\"contentUrl\":\"https:\\\/\\\/www.stresafestival.eu\\\/wp-content\\\/uploads\\\/2024\\\/02\\\/Mario-Brunello-\u00a9GiulioFavotto.jpg\",\"width\":998,\"height\":1500},{\"@type\":\"BreadcrumbList\",\"@id\":\"https:\\\/\\\/www.stresafestival.eu\\\/en\\\/2022-la-61ma-edizione-di-stresa-festival-presentata-da-mario-brunello\\\/#breadcrumb\",\"itemListElement\":[{\"@type\":\"ListItem\",\"position\":1,\"name\":\"Home\",\"item\":\"https:\\\/\\\/www.stresafestival.eu\\\/en\\\/\"},{\"@type\":\"ListItem\",\"position\":2,\"name\":\"2022: la 61ma edizione di Stresa Festival presentata da Mario Brunello\"}]},{\"@type\":\"WebSite\",\"@id\":\"https:\\\/\\\/www.stresafestival.eu\\\/en\\\/#website\",\"url\":\"https:\\\/\\\/www.stresafestival.eu\\\/en\\\/\",\"name\":\"Stresa Festival Classica &amp; Jazz Lago Maggiore\",\"description\":\"Festival di Musica Classica &amp; Jazz a Stresa sul Lago Maggiore\",\"potentialAction\":[{\"@type\":\"SearchAction\",\"target\":{\"@type\":\"EntryPoint\",\"urlTemplate\":\"https:\\\/\\\/www.stresafestival.eu\\\/en\\\/?s={search_term_string}\"},\"query-input\":{\"@type\":\"PropertyValueSpecification\",\"valueRequired\":true,\"valueName\":\"search_term_string\"}}],\"inLanguage\":\"en-US\"},{\"@type\":\"Person\",\"@id\":\"https:\\\/\\\/www.stresafestival.eu\\\/en\\\/#\\\/schema\\\/person\\\/d1d4d35e3ab663b6d475122d55f35383\",\"name\":\"Stresa Festival\",\"image\":{\"@type\":\"ImageObject\",\"inLanguage\":\"en-US\",\"@id\":\"https:\\\/\\\/secure.gravatar.com\\\/avatar\\\/30771ba39916f9812d6865771807f07addc0cde569f2777e81232bbe78a602b2?s=96&d=mm&r=g\",\"url\":\"https:\\\/\\\/secure.gravatar.com\\\/avatar\\\/30771ba39916f9812d6865771807f07addc0cde569f2777e81232bbe78a602b2?s=96&d=mm&r=g\",\"contentUrl\":\"https:\\\/\\\/secure.gravatar.com\\\/avatar\\\/30771ba39916f9812d6865771807f07addc0cde569f2777e81232bbe78a602b2?s=96&d=mm&r=g\",\"caption\":\"Stresa Festival\"},\"sameAs\":[\"https:\\\/\\\/stresafestival.jamarea.com\"],\"url\":\"https:\\\/\\\/www.stresafestival.eu\\\/en\\\/author\\\/stresajam\\\/\"}]}<\/script>\n<!-- \/ Yoast SEO plugin. -->","yoast_head_json":{"title":"2022: la 61ma edizione di Stresa Festival presentata da Mario Brunello - Stresa Festival Classica &amp; Jazz Lago Maggiore","robots":{"index":"index","follow":"follow","max-snippet":"max-snippet:-1","max-image-preview":"max-image-preview:large","max-video-preview":"max-video-preview:-1"},"canonical":"https:\/\/www.stresafestival.eu\/en\/2022-la-61ma-edizione-di-stresa-festival-presentata-da-mario-brunello\/","og_locale":"en_US","og_type":"article","og_title":"2022: la 61ma edizione di Stresa Festival presentata da Mario Brunello - Stresa Festival Classica &amp; Jazz Lago Maggiore","og_description":"\u00abCertamente il punto di inizio di ogni composizione bachiana \u00e8 gi\u00e0 altissimo. E tutto il resto non dovr\u00e0 che mantenersi alla medesima altezza. Quindi, se vorremo scegliere un\u2019immagine per la direzione della sua musica non credo ci sia nulla di pi\u00f9 adatto che una retta orizzontale [\u2026] Quindi l\u2019ascoltatore ritrova in s\u00e9, prevedendolo punto per [&hellip;]","og_url":"https:\/\/www.stresafestival.eu\/en\/2022-la-61ma-edizione-di-stresa-festival-presentata-da-mario-brunello\/","og_site_name":"Stresa Festival Classica &amp; Jazz Lago Maggiore","article_published_time":"2022-05-02T13:10:24+00:00","article_modified_time":"2024-04-10T06:22:54+00:00","og_image":[{"width":998,"height":1500,"url":"https:\/\/www.stresafestival.eu\/wp-content\/uploads\/2024\/02\/Mario-Brunello-\u00a9GiulioFavotto.jpg","type":"image\/jpeg"}],"author":"Stresa Festival","twitter_card":"summary_large_image","twitter_misc":{"Written by":"Stresa Festival","Est. reading time":"6 minutes"},"schema":{"@context":"https:\/\/schema.org","@graph":[{"@type":"Article","@id":"https:\/\/www.stresafestival.eu\/en\/2022-la-61ma-edizione-di-stresa-festival-presentata-da-mario-brunello\/#article","isPartOf":{"@id":"https:\/\/www.stresafestival.eu\/en\/2022-la-61ma-edizione-di-stresa-festival-presentata-da-mario-brunello\/"},"author":{"name":"Stresa Festival","@id":"https:\/\/www.stresafestival.eu\/en\/#\/schema\/person\/d1d4d35e3ab663b6d475122d55f35383"},"headline":"2022: la 61ma edizione di Stresa Festival presentata da Mario Brunello","datePublished":"2022-05-02T13:10:24+00:00","dateModified":"2024-04-10T06:22:54+00:00","mainEntityOfPage":{"@id":"https:\/\/www.stresafestival.eu\/en\/2022-la-61ma-edizione-di-stresa-festival-presentata-da-mario-brunello\/"},"wordCount":964,"image":{"@id":"https:\/\/www.stresafestival.eu\/en\/2022-la-61ma-edizione-di-stresa-festival-presentata-da-mario-brunello\/#primaryimage"},"thumbnailUrl":"https:\/\/www.stresafestival.eu\/wp-content\/uploads\/2024\/02\/Mario-Brunello-\u00a9GiulioFavotto.jpg","keywords":["Lago Maggiore","Mario Brunello","Stresa Festival","Stresa Festival 2022"],"articleSection":["Events","News"],"inLanguage":"en-US"},{"@type":"WebPage","@id":"https:\/\/www.stresafestival.eu\/en\/2022-la-61ma-edizione-di-stresa-festival-presentata-da-mario-brunello\/","url":"https:\/\/www.stresafestival.eu\/en\/2022-la-61ma-edizione-di-stresa-festival-presentata-da-mario-brunello\/","name":"2022: la 61ma edizione di Stresa Festival presentata da Mario Brunello - Stresa Festival Classica &amp; Jazz Lago Maggiore","isPartOf":{"@id":"https:\/\/www.stresafestival.eu\/en\/#website"},"primaryImageOfPage":{"@id":"https:\/\/www.stresafestival.eu\/en\/2022-la-61ma-edizione-di-stresa-festival-presentata-da-mario-brunello\/#primaryimage"},"image":{"@id":"https:\/\/www.stresafestival.eu\/en\/2022-la-61ma-edizione-di-stresa-festival-presentata-da-mario-brunello\/#primaryimage"},"thumbnailUrl":"https:\/\/www.stresafestival.eu\/wp-content\/uploads\/2024\/02\/Mario-Brunello-\u00a9GiulioFavotto.jpg","datePublished":"2022-05-02T13:10:24+00:00","dateModified":"2024-04-10T06:22:54+00:00","author":{"@id":"https:\/\/www.stresafestival.eu\/en\/#\/schema\/person\/d1d4d35e3ab663b6d475122d55f35383"},"breadcrumb":{"@id":"https:\/\/www.stresafestival.eu\/en\/2022-la-61ma-edizione-di-stresa-festival-presentata-da-mario-brunello\/#breadcrumb"},"inLanguage":"en-US","potentialAction":[{"@type":"ReadAction","target":["https:\/\/www.stresafestival.eu\/en\/2022-la-61ma-edizione-di-stresa-festival-presentata-da-mario-brunello\/"]}]},{"@type":"ImageObject","inLanguage":"en-US","@id":"https:\/\/www.stresafestival.eu\/en\/2022-la-61ma-edizione-di-stresa-festival-presentata-da-mario-brunello\/#primaryimage","url":"https:\/\/www.stresafestival.eu\/wp-content\/uploads\/2024\/02\/Mario-Brunello-\u00a9GiulioFavotto.jpg","contentUrl":"https:\/\/www.stresafestival.eu\/wp-content\/uploads\/2024\/02\/Mario-Brunello-\u00a9GiulioFavotto.jpg","width":998,"height":1500},{"@type":"BreadcrumbList","@id":"https:\/\/www.stresafestival.eu\/en\/2022-la-61ma-edizione-di-stresa-festival-presentata-da-mario-brunello\/#breadcrumb","itemListElement":[{"@type":"ListItem","position":1,"name":"Home","item":"https:\/\/www.stresafestival.eu\/en\/"},{"@type":"ListItem","position":2,"name":"2022: la 61ma edizione di Stresa Festival presentata da Mario Brunello"}]},{"@type":"WebSite","@id":"https:\/\/www.stresafestival.eu\/en\/#website","url":"https:\/\/www.stresafestival.eu\/en\/","name":"Stresa Festival Classica &amp; Jazz Lago Maggiore","description":"Festival di Musica Classica &amp; Jazz a Stresa sul Lago Maggiore","potentialAction":[{"@type":"SearchAction","target":{"@type":"EntryPoint","urlTemplate":"https:\/\/www.stresafestival.eu\/en\/?s={search_term_string}"},"query-input":{"@type":"PropertyValueSpecification","valueRequired":true,"valueName":"search_term_string"}}],"inLanguage":"en-US"},{"@type":"Person","@id":"https:\/\/www.stresafestival.eu\/en\/#\/schema\/person\/d1d4d35e3ab663b6d475122d55f35383","name":"Stresa Festival","image":{"@type":"ImageObject","inLanguage":"en-US","@id":"https:\/\/secure.gravatar.com\/avatar\/30771ba39916f9812d6865771807f07addc0cde569f2777e81232bbe78a602b2?s=96&d=mm&r=g","url":"https:\/\/secure.gravatar.com\/avatar\/30771ba39916f9812d6865771807f07addc0cde569f2777e81232bbe78a602b2?s=96&d=mm&r=g","contentUrl":"https:\/\/secure.gravatar.com\/avatar\/30771ba39916f9812d6865771807f07addc0cde569f2777e81232bbe78a602b2?s=96&d=mm&r=g","caption":"Stresa Festival"},"sameAs":["https:\/\/stresafestival.jamarea.com"],"url":"https:\/\/www.stresafestival.eu\/en\/author\/stresajam\/"}]}},"_links":{"self":[{"href":"https:\/\/www.stresafestival.eu\/en\/wp-json\/wp\/v2\/posts\/34056","targetHints":{"allow":["GET"]}}],"collection":[{"href":"https:\/\/www.stresafestival.eu\/en\/wp-json\/wp\/v2\/posts"}],"about":[{"href":"https:\/\/www.stresafestival.eu\/en\/wp-json\/wp\/v2\/types\/post"}],"author":[{"embeddable":true,"href":"https:\/\/www.stresafestival.eu\/en\/wp-json\/wp\/v2\/users\/1"}],"replies":[{"embeddable":true,"href":"https:\/\/www.stresafestival.eu\/en\/wp-json\/wp\/v2\/comments?post=34056"}],"version-history":[{"count":1,"href":"https:\/\/www.stresafestival.eu\/en\/wp-json\/wp\/v2\/posts\/34056\/revisions"}],"predecessor-version":[{"id":34266,"href":"https:\/\/www.stresafestival.eu\/en\/wp-json\/wp\/v2\/posts\/34056\/revisions\/34266"}],"wp:featuredmedia":[{"embeddable":true,"href":"https:\/\/www.stresafestival.eu\/en\/wp-json\/wp\/v2\/media\/30533"}],"wp:attachment":[{"href":"https:\/\/www.stresafestival.eu\/en\/wp-json\/wp\/v2\/media?parent=34056"}],"wp:term":[{"taxonomy":"category","embeddable":true,"href":"https:\/\/www.stresafestival.eu\/en\/wp-json\/wp\/v2\/categories?post=34056"},{"taxonomy":"post_tag","embeddable":true,"href":"https:\/\/www.stresafestival.eu\/en\/wp-json\/wp\/v2\/tags?post=34056"}],"curies":[{"name":"wp","href":"https:\/\/api.w.org\/{rel}","templated":true}]}}