{"id":34057,"date":"2022-02-21T13:36:58","date_gmt":"2022-02-21T12:36:58","guid":{"rendered":"https:\/\/stresafestival.jamarea.com\/la-catapulta-il-palco-acustico-progettato-da-michele-de-lucchi-per-il-festival\/"},"modified":"2024-04-15T12:28:34","modified_gmt":"2024-04-15T12:28:34","slug":"the-catapulta-the-acoustic-stage-by-michele-de-lucchi","status":"publish","type":"post","link":"https:\/\/www.stresafestival.eu\/en\/the-catapulta-the-acoustic-stage-by-michele-de-lucchi\/","title":{"rendered":"The Catapulta: the acoustic stage by Michele De Lucchi"},"content":{"rendered":"\t\t<div data-elementor-type=\"wp-post\" data-elementor-id=\"34057\" class=\"elementor elementor-34057 elementor-29564\" data-elementor-post-type=\"post\">\n\t\t\t\t\t\t<section class=\"elementor-section elementor-top-section elementor-element elementor-element-78aceccd elementor-section-full_width elementor-section-height-default elementor-section-height-default qodef-elementor-content-no qodef-elementor-stretch-row-no qodef-elementor-overlay-no\" data-id=\"78aceccd\" data-element_type=\"section\">\n\t\t\t\t\t\t<div class=\"elementor-container elementor-column-gap-default\">\n\t\t\t\t\t\t<\/div>\n\t\t<\/section>\n\t\t\t\t<section class=\"elementor-section elementor-top-section elementor-element elementor-element-65a82d36 elementor-section-full_width elementor-section-height-default elementor-section-height-default qodef-elementor-content-no qodef-elementor-stretch-row-no qodef-elementor-overlay-no\" data-id=\"65a82d36\" data-element_type=\"section\">\n\t\t\t\t\t\t<div class=\"elementor-container elementor-column-gap-default\">\n\t\t\t\t\t<div class=\"elementor-column elementor-col-100 elementor-top-column elementor-element elementor-element-381cbdfd\" data-id=\"381cbdfd\" data-element_type=\"column\">\n\t\t\t<div class=\"elementor-widget-wrap elementor-element-populated\">\n\t\t\t\t\t\t<div class=\"elementor-element elementor-element-5a28dd49 elementor-widget elementor-widget-text-editor\" data-id=\"5a28dd49\" data-element_type=\"widget\" data-widget_type=\"text-editor.default\">\n\t\t\t\t<div class=\"elementor-widget-container\">\n\t\t\t\t\t\t\t\t\t<p>&lt;&lt;La musica all\u2019aperto si diffonde nell\u2019aria, si confonde con i suoni, gli odori e i colori della natura, il verde dei prati, il rosso del tramonto, il blu del mare. Il paesaggio \u00e8 una scenografia molto speciale per un concerto, che rende il suono meno tecnico, pi\u00f9 autentico e sincero. Musica e natura si compenetrano e il palco acustico ha il delicato compito di amplificare la magia del loro incontro&gt;&gt;.<br \/>Michele De Lucchi, giugno 2021<\/p>\t\t\t\t\t\t\t\t<\/div>\n\t\t\t\t<\/div>\n\t\t\t\t<div class=\"elementor-element elementor-element-d35325 elementor-widget elementor-widget-spacer\" data-id=\"d35325\" data-element_type=\"widget\" data-widget_type=\"spacer.default\">\n\t\t\t\t<div class=\"elementor-widget-container\">\n\t\t\t\t\t\t\t<div class=\"elementor-spacer\">\n\t\t\t<div class=\"elementor-spacer-inner\"><\/div>\n\t\t<\/div>\n\t\t\t\t\t\t<\/div>\n\t\t\t\t<\/div>\n\t\t\t\t<div class=\"elementor-element elementor-element-796f3c5f elementor-widget elementor-widget-video\" data-id=\"796f3c5f\" data-element_type=\"widget\" data-settings=\"{&quot;youtube_url&quot;:&quot;https:\\\/\\\/www.youtube.com\\\/watch?v=9opYMagoqtg&amp;list=PLgvT-Ummg4zb-OgoSw3YitnBsp7XA9bca&amp;index=3&quot;,&quot;video_type&quot;:&quot;youtube&quot;,&quot;controls&quot;:&quot;yes&quot;}\" data-widget_type=\"video.default\">\n\t\t\t\t<div class=\"elementor-widget-container\">\n\t\t\t\t\t\t\t<div class=\"elementor-wrapper elementor-open-inline\">\n\t\t\t<div class=\"elementor-video\"><\/div>\t\t<\/div>\n\t\t\t\t\t\t<\/div>\n\t\t\t\t<\/div>\n\t\t\t\t\t<\/div>\n\t\t<\/div>\n\t\t\t\t\t<\/div>\n\t\t<\/section>\n\t\t\t\t<section class=\"elementor-section elementor-top-section elementor-element elementor-element-6bba8c81 elementor-section-full_width elementor-section-height-default elementor-section-height-default qodef-elementor-content-no qodef-elementor-stretch-row-no qodef-elementor-overlay-no\" data-id=\"6bba8c81\" data-element_type=\"section\">\n\t\t\t\t\t\t<div class=\"elementor-container elementor-column-gap-default\">\n\t\t\t\t\t<div class=\"elementor-column elementor-col-100 elementor-top-column elementor-element elementor-element-3768e768\" data-id=\"3768e768\" data-element_type=\"column\">\n\t\t\t<div class=\"elementor-widget-wrap elementor-element-populated\">\n\t\t\t\t\t\t<div class=\"elementor-element elementor-element-5c5bbf18 elementor-widget elementor-widget-text-editor\" data-id=\"5c5bbf18\" data-element_type=\"widget\" data-widget_type=\"text-editor.default\">\n\t\t\t\t<div class=\"elementor-widget-container\">\n\t\t\t\t\t\t\t\t\t<p><strong>Progettato da AMDL CIRCLE e Michele De Lucchi per Stresa Music Festival 2021, il palco acustico \u00e8 una macchina scenica per concerti<em> en-plein air<\/em> che vuole attivare una connessione sinergica tra musica, natura<\/strong> <strong>e persone.<\/strong><br \/>Si tratta di un padiglione musicale, un amplificatore naturale del suono nato dalla volont\u00e0 di Michele De Lucchi e Mario Brunello, direttore artistico del festival, di <strong>utilizzare l\u2019architettura e la musica per avvicinare le persone al paesaggio e stimolare la sensibilit\u00e0 ambientale<\/strong>.<br \/>La struttura, in legno di larice, si configura come una conchiglia le cui pareti fungono da cassa di risonanza per suoni e melodie. Questa amplificazione naturale non richiede componenti elettroniche, infatti l\u2019intensit\u00e0 del suono dipende unicamente dalla disposizione dei musicisti sul palco. I pannelli che abbracciano la pedana e determinano la forma a conchiglia, sono sorretti da bracci lignei a vista che svelano la semplicit\u00e0 della meccanica del palco: un sistema facilmente trasportabile e assemblabile nei diversi contesti del Lago Maggiore che pu\u00f2 adagiarsi in prossimit\u00e0 delle sponde, come lungo i declivi dei boschi circostanti. Il padiglione musicale non \u00e8 disegnato per uno spazio predeterminato, ma \u00e8 pensato come una scenografia errante, che porta la musica in luoghi inaspettati ed esalta la natura del territorio.<\/p><p>\u00a0<\/p>\t\t\t\t\t\t\t\t<\/div>\n\t\t\t\t<\/div>\n\t\t\t\t<div class=\"elementor-element elementor-element-42288806 elementor-widget elementor-widget-video\" data-id=\"42288806\" data-element_type=\"widget\" data-settings=\"{&quot;youtube_url&quot;:&quot;https:\\\/\\\/www.youtube.com\\\/watch?v=cVd2mOI-Wjw&amp;list=PLgvT-Ummg4zb-OgoSw3YitnBsp7XA9bca&amp;index=4&quot;,&quot;video_type&quot;:&quot;youtube&quot;,&quot;controls&quot;:&quot;yes&quot;}\" data-widget_type=\"video.default\">\n\t\t\t\t<div class=\"elementor-widget-container\">\n\t\t\t\t\t\t\t<div class=\"elementor-wrapper elementor-open-inline\">\n\t\t\t<div class=\"elementor-video\"><\/div>\t\t<\/div>\n\t\t\t\t\t\t<\/div>\n\t\t\t\t<\/div>\n\t\t\t\t<div class=\"elementor-element elementor-element-498eb8e1 elementor-widget-divider--view-line elementor-widget elementor-widget-divider\" data-id=\"498eb8e1\" data-element_type=\"widget\" data-widget_type=\"divider.default\">\n\t\t\t\t<div class=\"elementor-widget-container\">\n\t\t\t\t\t\t\t<div class=\"elementor-divider\">\n\t\t\t<span class=\"elementor-divider-separator\">\n\t\t\t\t\t\t<\/span>\n\t\t<\/div>\n\t\t\t\t\t\t<\/div>\n\t\t\t\t<\/div>\n\t\t\t\t\t<\/div>\n\t\t<\/div>\n\t\t\t\t\t<\/div>\n\t\t<\/section>\n\t\t\t\t<section class=\"elementor-section elementor-top-section elementor-element elementor-element-5da0c485 elementor-section-full_width elementor-section-height-default elementor-section-height-default qodef-elementor-content-no qodef-elementor-stretch-row-no qodef-elementor-overlay-no\" data-id=\"5da0c485\" data-element_type=\"section\">\n\t\t\t\t\t\t<div class=\"elementor-container elementor-column-gap-default\">\n\t\t\t\t\t<div class=\"elementor-column elementor-col-100 elementor-top-column elementor-element elementor-element-19046874\" data-id=\"19046874\" data-element_type=\"column\">\n\t\t\t<div class=\"elementor-widget-wrap elementor-element-populated\">\n\t\t\t\t\t\t<div class=\"elementor-element elementor-element-1518b4d0 elementor-widget elementor-widget-image\" data-id=\"1518b4d0\" data-element_type=\"widget\" data-widget_type=\"image.default\">\n\t\t\t\t<div class=\"elementor-widget-container\">\n\t\t\t\t\t\t\t\t\t\t\t\t\t\t\t<img fetchpriority=\"high\" decoding=\"async\" width=\"1500\" height=\"998\" src=\"https:\/\/www.stresafestival.eu\/wp-content\/uploads\/2022\/06\/210717_c_L_Di_Nozzi_0140.jpg\" class=\"attachment-full size-full wp-image-30942\" alt=\"\" srcset=\"https:\/\/www.stresafestival.eu\/wp-content\/uploads\/2022\/06\/210717_c_L_Di_Nozzi_0140.jpg 1500w, https:\/\/www.stresafestival.eu\/wp-content\/uploads\/2022\/06\/210717_c_L_Di_Nozzi_0140-300x200.jpg 300w, https:\/\/www.stresafestival.eu\/wp-content\/uploads\/2022\/06\/210717_c_L_Di_Nozzi_0140-1024x681.jpg 1024w, https:\/\/www.stresafestival.eu\/wp-content\/uploads\/2022\/06\/210717_c_L_Di_Nozzi_0140-768x511.jpg 768w\" sizes=\"(max-width: 1500px) 100vw, 1500px\" \/>\t\t\t\t\t\t\t\t\t\t\t\t\t\t\t<\/div>\n\t\t\t\t<\/div>\n\t\t\t\t\t<\/div>\n\t\t<\/div>\n\t\t\t\t\t<\/div>\n\t\t<\/section>\n\t\t\t\t<section class=\"elementor-section elementor-top-section elementor-element elementor-element-caf6249 elementor-section-full_width elementor-section-height-default elementor-section-height-default qodef-elementor-content-no qodef-elementor-stretch-row-no qodef-elementor-overlay-no\" data-id=\"caf6249\" data-element_type=\"section\">\n\t\t\t\t\t\t<div class=\"elementor-container elementor-column-gap-default\">\n\t\t\t\t\t<div class=\"elementor-column elementor-col-50 elementor-top-column elementor-element elementor-element-5dcb2941\" data-id=\"5dcb2941\" data-element_type=\"column\">\n\t\t\t<div class=\"elementor-widget-wrap elementor-element-populated\">\n\t\t\t\t\t\t<div class=\"elementor-element elementor-element-5f6dea44 elementor-widget elementor-widget-image\" data-id=\"5f6dea44\" data-element_type=\"widget\" data-widget_type=\"image.default\">\n\t\t\t\t<div class=\"elementor-widget-container\">\n\t\t\t\t\t\t\t\t\t\t\t\t\t\t\t<img decoding=\"async\" width=\"650\" height=\"650\" src=\"https:\/\/www.stresafestival.eu\/wp-content\/uploads\/2022\/02\/il-palco_c_L_Di_Nozzi-650x650.jpg\" class=\"attachment-zermatt_image_size_square size-zermatt_image_size_square wp-image-30958\" alt=\"\" srcset=\"https:\/\/www.stresafestival.eu\/wp-content\/uploads\/2022\/02\/il-palco_c_L_Di_Nozzi-650x650.jpg 650w, https:\/\/www.stresafestival.eu\/wp-content\/uploads\/2022\/02\/il-palco_c_L_Di_Nozzi-150x150.jpg 150w\" sizes=\"(max-width: 650px) 100vw, 650px\" \/>\t\t\t\t\t\t\t\t\t\t\t\t\t\t\t<\/div>\n\t\t\t\t<\/div>\n\t\t\t\t\t<\/div>\n\t\t<\/div>\n\t\t\t\t<div class=\"elementor-column elementor-col-50 elementor-top-column elementor-element elementor-element-7a3163eb\" data-id=\"7a3163eb\" data-element_type=\"column\">\n\t\t\t<div class=\"elementor-widget-wrap elementor-element-populated\">\n\t\t\t\t\t\t<div class=\"elementor-element elementor-element-2057c4af elementor-widget elementor-widget-image\" data-id=\"2057c4af\" data-element_type=\"widget\" data-widget_type=\"image.default\">\n\t\t\t\t<div class=\"elementor-widget-container\">\n\t\t\t\t\t\t\t\t\t\t\t\t\t\t\t<img decoding=\"async\" width=\"650\" height=\"650\" src=\"https:\/\/www.stresafestival.eu\/wp-content\/uploads\/2022\/02\/il-palco_c_L_Di_Nozzi_2-650x650.jpg\" class=\"attachment-qi_addons_for_elementor_image_size_square size-qi_addons_for_elementor_image_size_square wp-image-30959\" alt=\"\" srcset=\"https:\/\/www.stresafestival.eu\/wp-content\/uploads\/2022\/02\/il-palco_c_L_Di_Nozzi_2-650x650.jpg 650w, https:\/\/www.stresafestival.eu\/wp-content\/uploads\/2022\/02\/il-palco_c_L_Di_Nozzi_2-150x150.jpg 150w\" sizes=\"(max-width: 650px) 100vw, 650px\" \/>\t\t\t\t\t\t\t\t\t\t\t\t\t\t\t<\/div>\n\t\t\t\t<\/div>\n\t\t\t\t\t<\/div>\n\t\t<\/div>\n\t\t\t\t\t<\/div>\n\t\t<\/section>\n\t\t\t\t<section class=\"elementor-section elementor-top-section elementor-element elementor-element-72a79d65 elementor-section-boxed elementor-section-height-default elementor-section-height-default qodef-elementor-content-no qodef-elementor-stretch-row-no qodef-elementor-overlay-no\" data-id=\"72a79d65\" data-element_type=\"section\">\n\t\t\t\t\t\t<div class=\"elementor-container elementor-column-gap-default\">\n\t\t\t\t\t<div class=\"elementor-column elementor-col-33 elementor-top-column elementor-element elementor-element-7bdb5652\" data-id=\"7bdb5652\" data-element_type=\"column\">\n\t\t\t<div class=\"elementor-widget-wrap elementor-element-populated\">\n\t\t\t\t\t\t<div class=\"elementor-element elementor-element-4c5c3775 elementor-widget elementor-widget-image\" data-id=\"4c5c3775\" data-element_type=\"widget\" data-widget_type=\"image.default\">\n\t\t\t\t<div class=\"elementor-widget-container\">\n\t\t\t\t\t\t\t\t\t\t\t\t\t\t\t<img loading=\"lazy\" decoding=\"async\" width=\"500\" height=\"666\" src=\"https:\/\/www.stresafestival.eu\/wp-content\/uploads\/2022\/02\/210717_c_L_Di_Nozzi_1-500x666.jpg\" class=\"attachment-zermatt_image_size_small-portrait size-zermatt_image_size_small-portrait wp-image-30962\" alt=\"\" \/>\t\t\t\t\t\t\t\t\t\t\t\t\t\t\t<\/div>\n\t\t\t\t<\/div>\n\t\t\t\t\t<\/div>\n\t\t<\/div>\n\t\t\t\t<div class=\"elementor-column elementor-col-33 elementor-top-column elementor-element elementor-element-162df570\" data-id=\"162df570\" data-element_type=\"column\">\n\t\t\t<div class=\"elementor-widget-wrap elementor-element-populated\">\n\t\t\t\t\t\t<div class=\"elementor-element elementor-element-67b20b7c elementor-widget elementor-widget-image\" data-id=\"67b20b7c\" data-element_type=\"widget\" data-widget_type=\"image.default\">\n\t\t\t\t<div class=\"elementor-widget-container\">\n\t\t\t\t\t\t\t\t\t\t\t\t\t\t\t<img loading=\"lazy\" decoding=\"async\" width=\"500\" height=\"666\" src=\"https:\/\/www.stresafestival.eu\/wp-content\/uploads\/2022\/02\/210717_c_L_Di_Nozzi_2-500x666.jpg\" class=\"attachment-zermatt_image_size_small-portrait size-zermatt_image_size_small-portrait wp-image-30960\" alt=\"\" \/>\t\t\t\t\t\t\t\t\t\t\t\t\t\t\t<\/div>\n\t\t\t\t<\/div>\n\t\t\t\t\t<\/div>\n\t\t<\/div>\n\t\t\t\t<div class=\"elementor-column elementor-col-33 elementor-top-column elementor-element elementor-element-13dbd6f6\" data-id=\"13dbd6f6\" data-element_type=\"column\">\n\t\t\t<div class=\"elementor-widget-wrap elementor-element-populated\">\n\t\t\t\t\t\t<div class=\"elementor-element elementor-element-6c13dde1 elementor-widget elementor-widget-image\" data-id=\"6c13dde1\" data-element_type=\"widget\" data-widget_type=\"image.default\">\n\t\t\t\t<div class=\"elementor-widget-container\">\n\t\t\t\t\t\t\t\t\t\t\t\t\t\t\t<img loading=\"lazy\" decoding=\"async\" width=\"500\" height=\"666\" src=\"https:\/\/www.stresafestival.eu\/wp-content\/uploads\/2022\/02\/210717_c_L_Di_Nozzi_3-500x666.jpg\" class=\"attachment-zermatt_image_size_small-portrait size-zermatt_image_size_small-portrait wp-image-30961\" alt=\"\" \/>\t\t\t\t\t\t\t\t\t\t\t\t\t\t\t<\/div>\n\t\t\t\t<\/div>\n\t\t\t\t\t<\/div>\n\t\t<\/div>\n\t\t\t\t\t<\/div>\n\t\t<\/section>\n\t\t\t\t<section class=\"elementor-section elementor-top-section elementor-element elementor-element-70781bb7 elementor-section-boxed elementor-section-height-default elementor-section-height-default qodef-elementor-content-no qodef-elementor-stretch-row-no qodef-elementor-overlay-no\" data-id=\"70781bb7\" data-element_type=\"section\">\n\t\t\t\t\t\t<div class=\"elementor-container elementor-column-gap-default\">\n\t\t\t\t\t<div class=\"elementor-column elementor-col-50 elementor-top-column elementor-element elementor-element-75e39441\" data-id=\"75e39441\" data-element_type=\"column\">\n\t\t\t<div class=\"elementor-widget-wrap elementor-element-populated\">\n\t\t\t\t\t\t<div class=\"elementor-element elementor-element-2e5ef4ef elementor-widget elementor-widget-image\" data-id=\"2e5ef4ef\" data-element_type=\"widget\" data-widget_type=\"image.default\">\n\t\t\t\t<div class=\"elementor-widget-container\">\n\t\t\t\t\t\t\t\t\t\t\t\t\t\t\t<img loading=\"lazy\" decoding=\"async\" width=\"1024\" height=\"681\" src=\"https:\/\/www.stresafestival.eu\/wp-content\/uploads\/2022\/05\/catapulta_c_L_Di_Nozzi-1024x681.jpg\" class=\"attachment-large size-large wp-image-30957\" alt=\"\" srcset=\"https:\/\/www.stresafestival.eu\/wp-content\/uploads\/2022\/05\/catapulta_c_L_Di_Nozzi-1024x681.jpg 1024w, https:\/\/www.stresafestival.eu\/wp-content\/uploads\/2022\/05\/catapulta_c_L_Di_Nozzi-300x200.jpg 300w, https:\/\/www.stresafestival.eu\/wp-content\/uploads\/2022\/05\/catapulta_c_L_Di_Nozzi-768x511.jpg 768w, https:\/\/www.stresafestival.eu\/wp-content\/uploads\/2022\/05\/catapulta_c_L_Di_Nozzi.jpg 1500w\" sizes=\"(max-width: 1024px) 100vw, 1024px\" \/>\t\t\t\t\t\t\t\t\t\t\t\t\t\t\t<\/div>\n\t\t\t\t<\/div>\n\t\t\t\t\t<\/div>\n\t\t<\/div>\n\t\t\t\t<div class=\"elementor-column elementor-col-50 elementor-top-column elementor-element elementor-element-2aba24dc\" data-id=\"2aba24dc\" data-element_type=\"column\">\n\t\t\t<div class=\"elementor-widget-wrap elementor-element-populated\">\n\t\t\t\t\t\t<div class=\"elementor-element elementor-element-70d6fe72 elementor-widget elementor-widget-image\" data-id=\"70d6fe72\" data-element_type=\"widget\" data-widget_type=\"image.default\">\n\t\t\t\t<div class=\"elementor-widget-container\">\n\t\t\t\t\t\t\t\t\t\t\t\t\t\t\t<img loading=\"lazy\" decoding=\"async\" width=\"1024\" height=\"681\" src=\"https:\/\/www.stresafestival.eu\/wp-content\/uploads\/2022\/02\/catapulta_c_L_Di_Nozzi-1-1024x681.jpg\" class=\"attachment-large size-large wp-image-30964\" alt=\"\" srcset=\"https:\/\/www.stresafestival.eu\/wp-content\/uploads\/2022\/02\/catapulta_c_L_Di_Nozzi-1-1024x681.jpg 1024w, https:\/\/www.stresafestival.eu\/wp-content\/uploads\/2022\/02\/catapulta_c_L_Di_Nozzi-1-300x200.jpg 300w, https:\/\/www.stresafestival.eu\/wp-content\/uploads\/2022\/02\/catapulta_c_L_Di_Nozzi-1-768x511.jpg 768w, https:\/\/www.stresafestival.eu\/wp-content\/uploads\/2022\/02\/catapulta_c_L_Di_Nozzi-1.jpg 1500w\" sizes=\"(max-width: 1024px) 100vw, 1024px\" \/>\t\t\t\t\t\t\t\t\t\t\t\t\t\t\t<\/div>\n\t\t\t\t<\/div>\n\t\t\t\t\t<\/div>\n\t\t<\/div>\n\t\t\t\t\t<\/div>\n\t\t<\/section>\n\t\t\t\t<section class=\"elementor-section elementor-top-section elementor-element elementor-element-14594d46 elementor-section-boxed elementor-section-height-default elementor-section-height-default qodef-elementor-content-no qodef-elementor-stretch-row-no qodef-elementor-overlay-no\" data-id=\"14594d46\" data-element_type=\"section\">\n\t\t\t\t\t\t<div class=\"elementor-container elementor-column-gap-default\">\n\t\t\t\t\t<div class=\"elementor-column elementor-col-100 elementor-top-column elementor-element elementor-element-c9ca30c\" data-id=\"c9ca30c\" data-element_type=\"column\">\n\t\t\t<div class=\"elementor-widget-wrap elementor-element-populated\">\n\t\t\t\t\t\t<div class=\"elementor-element elementor-element-8112ad2 elementor-widget elementor-widget-image\" data-id=\"8112ad2\" data-element_type=\"widget\" data-widget_type=\"image.default\">\n\t\t\t\t<div class=\"elementor-widget-container\">\n\t\t\t\t\t\t\t\t\t\t\t\t\t\t\t<img loading=\"lazy\" decoding=\"async\" width=\"1024\" height=\"681\" src=\"https:\/\/www.stresafestival.eu\/wp-content\/uploads\/2022\/02\/210717_c_L_Di_Nozzi_palco-1024x681.jpg\" class=\"attachment-large size-large wp-image-30963\" alt=\"\" srcset=\"https:\/\/www.stresafestival.eu\/wp-content\/uploads\/2022\/02\/210717_c_L_Di_Nozzi_palco-1024x681.jpg 1024w, https:\/\/www.stresafestival.eu\/wp-content\/uploads\/2022\/02\/210717_c_L_Di_Nozzi_palco-300x200.jpg 300w, https:\/\/www.stresafestival.eu\/wp-content\/uploads\/2022\/02\/210717_c_L_Di_Nozzi_palco-768x511.jpg 768w, https:\/\/www.stresafestival.eu\/wp-content\/uploads\/2022\/02\/210717_c_L_Di_Nozzi_palco.jpg 1500w\" sizes=\"(max-width: 1024px) 100vw, 1024px\" \/>\t\t\t\t\t\t\t\t\t\t\t\t\t\t\t<\/div>\n\t\t\t\t<\/div>\n\t\t\t\t\t<\/div>\n\t\t<\/div>\n\t\t\t\t\t<\/div>\n\t\t<\/section>\n\t\t\t\t<\/div>\n\t\t","protected":false},"excerpt":{"rendered":"<p>&lt;&lt;La musica all\u2019aperto si diffonde nell\u2019aria, si confonde con i suoni, gli odori e i colori della natura, il verde dei prati, il rosso del tramonto, il blu del mare. Il paesaggio \u00e8 una scenografia molto speciale per un concerto, che rende il suono meno tecnico, pi\u00f9 autentico e sincero. Musica e natura si compenetrano [&hellip;]<\/p>\n","protected":false},"author":1,"featured_media":30957,"comment_status":"closed","ping_status":"closed","sticky":false,"template":"","format":"standard","meta":{"footnotes":""},"categories":[153,142],"tags":[196,214,198],"class_list":["post-34057","post","type-post","status-publish","format-standard","has-post-thumbnail","hentry","category-curiosity","category-news-en","tag-lago-maggiore-en","tag-mario-brunello-en","tag-stresa-festival-en"],"yoast_head":"<!-- This site is optimized with the Yoast SEO plugin v27.5 - https:\/\/yoast.com\/product\/yoast-seo-wordpress\/ -->\n<title>The Catapulta: the acoustic stage by Michele De Lucchi - Stresa Festival Classica &amp; Jazz Lago Maggiore<\/title>\n<meta name=\"robots\" content=\"index, follow, max-snippet:-1, max-image-preview:large, max-video-preview:-1\" \/>\n<link rel=\"canonical\" href=\"https:\/\/www.stresafestival.eu\/en\/the-catapulta-the-acoustic-stage-by-michele-de-lucchi\/\" \/>\n<meta property=\"og:locale\" content=\"en_US\" \/>\n<meta property=\"og:type\" content=\"article\" \/>\n<meta property=\"og:title\" content=\"The Catapulta: the acoustic stage by Michele De Lucchi - Stresa Festival Classica &amp; Jazz Lago Maggiore\" \/>\n<meta property=\"og:description\" content=\"&lt;&lt;La musica all\u2019aperto si diffonde nell\u2019aria, si confonde con i suoni, gli odori e i colori della natura, il verde dei prati, il rosso del tramonto, il blu del mare. Il paesaggio \u00e8 una scenografia molto speciale per un concerto, che rende il suono meno tecnico, pi\u00f9 autentico e sincero. Musica e natura si compenetrano [&hellip;]\" \/>\n<meta property=\"og:url\" content=\"https:\/\/www.stresafestival.eu\/en\/the-catapulta-the-acoustic-stage-by-michele-de-lucchi\/\" \/>\n<meta property=\"og:site_name\" content=\"Stresa Festival Classica &amp; Jazz Lago Maggiore\" \/>\n<meta property=\"article:published_time\" content=\"2022-02-21T12:36:58+00:00\" \/>\n<meta property=\"article:modified_time\" content=\"2024-04-15T12:28:34+00:00\" \/>\n<meta property=\"og:image\" content=\"https:\/\/www.stresafestival.eu\/wp-content\/uploads\/2022\/05\/catapulta_c_L_Di_Nozzi.jpg\" \/>\n\t<meta property=\"og:image:width\" content=\"1500\" \/>\n\t<meta property=\"og:image:height\" content=\"998\" \/>\n\t<meta property=\"og:image:type\" content=\"image\/jpeg\" \/>\n<meta name=\"author\" content=\"Stresa Festival\" \/>\n<meta name=\"twitter:card\" content=\"summary_large_image\" \/>\n<meta name=\"twitter:label1\" content=\"Written by\" \/>\n\t<meta name=\"twitter:data1\" content=\"Stresa Festival\" \/>\n\t<meta name=\"twitter:label2\" content=\"Est. reading time\" \/>\n\t<meta name=\"twitter:data2\" content=\"4 minutes\" \/>\n<script type=\"application\/ld+json\" class=\"yoast-schema-graph\">{\"@context\":\"https:\\\/\\\/schema.org\",\"@graph\":[{\"@type\":\"Article\",\"@id\":\"https:\\\/\\\/www.stresafestival.eu\\\/en\\\/the-catapulta-the-acoustic-stage-by-michele-de-lucchi\\\/#article\",\"isPartOf\":{\"@id\":\"https:\\\/\\\/www.stresafestival.eu\\\/en\\\/the-catapulta-the-acoustic-stage-by-michele-de-lucchi\\\/\"},\"author\":{\"name\":\"Stresa Festival\",\"@id\":\"https:\\\/\\\/www.stresafestival.eu\\\/en\\\/#\\\/schema\\\/person\\\/b9cf48d830f1444cdba67015e0fe548c\"},\"headline\":\"The Catapulta: the acoustic stage by Michele De Lucchi\",\"datePublished\":\"2022-02-21T12:36:58+00:00\",\"dateModified\":\"2024-04-15T12:28:34+00:00\",\"mainEntityOfPage\":{\"@id\":\"https:\\\/\\\/www.stresafestival.eu\\\/en\\\/the-catapulta-the-acoustic-stage-by-michele-de-lucchi\\\/\"},\"wordCount\":317,\"image\":{\"@id\":\"https:\\\/\\\/www.stresafestival.eu\\\/en\\\/the-catapulta-the-acoustic-stage-by-michele-de-lucchi\\\/#primaryimage\"},\"thumbnailUrl\":\"https:\\\/\\\/www.stresafestival.eu\\\/wp-content\\\/uploads\\\/2022\\\/05\\\/catapulta_c_L_Di_Nozzi.jpg\",\"keywords\":[\"Lago Maggiore\",\"Mario Brunello\",\"Stresa Festival\"],\"articleSection\":[\"Curiosity\",\"News\"],\"inLanguage\":\"en-US\"},{\"@type\":\"WebPage\",\"@id\":\"https:\\\/\\\/www.stresafestival.eu\\\/en\\\/the-catapulta-the-acoustic-stage-by-michele-de-lucchi\\\/\",\"url\":\"https:\\\/\\\/www.stresafestival.eu\\\/en\\\/the-catapulta-the-acoustic-stage-by-michele-de-lucchi\\\/\",\"name\":\"The Catapulta: the acoustic stage by Michele De Lucchi - Stresa Festival Classica &amp; Jazz Lago Maggiore\",\"isPartOf\":{\"@id\":\"https:\\\/\\\/www.stresafestival.eu\\\/en\\\/#website\"},\"primaryImageOfPage\":{\"@id\":\"https:\\\/\\\/www.stresafestival.eu\\\/en\\\/the-catapulta-the-acoustic-stage-by-michele-de-lucchi\\\/#primaryimage\"},\"image\":{\"@id\":\"https:\\\/\\\/www.stresafestival.eu\\\/en\\\/the-catapulta-the-acoustic-stage-by-michele-de-lucchi\\\/#primaryimage\"},\"thumbnailUrl\":\"https:\\\/\\\/www.stresafestival.eu\\\/wp-content\\\/uploads\\\/2022\\\/05\\\/catapulta_c_L_Di_Nozzi.jpg\",\"datePublished\":\"2022-02-21T12:36:58+00:00\",\"dateModified\":\"2024-04-15T12:28:34+00:00\",\"author\":{\"@id\":\"https:\\\/\\\/www.stresafestival.eu\\\/en\\\/#\\\/schema\\\/person\\\/b9cf48d830f1444cdba67015e0fe548c\"},\"breadcrumb\":{\"@id\":\"https:\\\/\\\/www.stresafestival.eu\\\/en\\\/the-catapulta-the-acoustic-stage-by-michele-de-lucchi\\\/#breadcrumb\"},\"inLanguage\":\"en-US\",\"potentialAction\":[{\"@type\":\"ReadAction\",\"target\":[\"https:\\\/\\\/www.stresafestival.eu\\\/en\\\/the-catapulta-the-acoustic-stage-by-michele-de-lucchi\\\/\"]}]},{\"@type\":\"ImageObject\",\"inLanguage\":\"en-US\",\"@id\":\"https:\\\/\\\/www.stresafestival.eu\\\/en\\\/the-catapulta-the-acoustic-stage-by-michele-de-lucchi\\\/#primaryimage\",\"url\":\"https:\\\/\\\/www.stresafestival.eu\\\/wp-content\\\/uploads\\\/2022\\\/05\\\/catapulta_c_L_Di_Nozzi.jpg\",\"contentUrl\":\"https:\\\/\\\/www.stresafestival.eu\\\/wp-content\\\/uploads\\\/2022\\\/05\\\/catapulta_c_L_Di_Nozzi.jpg\",\"width\":1500,\"height\":998},{\"@type\":\"BreadcrumbList\",\"@id\":\"https:\\\/\\\/www.stresafestival.eu\\\/en\\\/the-catapulta-the-acoustic-stage-by-michele-de-lucchi\\\/#breadcrumb\",\"itemListElement\":[{\"@type\":\"ListItem\",\"position\":1,\"name\":\"Home\",\"item\":\"https:\\\/\\\/www.stresafestival.eu\\\/en\\\/\"},{\"@type\":\"ListItem\",\"position\":2,\"name\":\"The Catapulta: the acoustic stage by Michele De Lucchi\"}]},{\"@type\":\"WebSite\",\"@id\":\"https:\\\/\\\/www.stresafestival.eu\\\/en\\\/#website\",\"url\":\"https:\\\/\\\/www.stresafestival.eu\\\/en\\\/\",\"name\":\"Stresa Festival Classica &amp; Jazz Lago Maggiore\",\"description\":\"Festival di Musica Classica &amp; Jazz a Stresa sul Lago Maggiore\",\"potentialAction\":[{\"@type\":\"SearchAction\",\"target\":{\"@type\":\"EntryPoint\",\"urlTemplate\":\"https:\\\/\\\/www.stresafestival.eu\\\/en\\\/?s={search_term_string}\"},\"query-input\":{\"@type\":\"PropertyValueSpecification\",\"valueRequired\":true,\"valueName\":\"search_term_string\"}}],\"inLanguage\":\"en-US\"},{\"@type\":\"Person\",\"@id\":\"https:\\\/\\\/www.stresafestival.eu\\\/en\\\/#\\\/schema\\\/person\\\/b9cf48d830f1444cdba67015e0fe548c\",\"name\":\"Stresa Festival\",\"image\":{\"@type\":\"ImageObject\",\"inLanguage\":\"en-US\",\"@id\":\"https:\\\/\\\/secure.gravatar.com\\\/avatar\\\/30771ba39916f9812d6865771807f07addc0cde569f2777e81232bbe78a602b2?s=96&d=mm&r=g\",\"url\":\"https:\\\/\\\/secure.gravatar.com\\\/avatar\\\/30771ba39916f9812d6865771807f07addc0cde569f2777e81232bbe78a602b2?s=96&d=mm&r=g\",\"contentUrl\":\"https:\\\/\\\/secure.gravatar.com\\\/avatar\\\/30771ba39916f9812d6865771807f07addc0cde569f2777e81232bbe78a602b2?s=96&d=mm&r=g\",\"caption\":\"Stresa Festival\"},\"sameAs\":[\"https:\\\/\\\/stresafestival.jamarea.com\"],\"url\":\"https:\\\/\\\/www.stresafestival.eu\\\/en\\\/author\\\/stresajam\\\/\"}]}<\/script>\n<!-- \/ Yoast SEO plugin. -->","yoast_head_json":{"title":"The Catapulta: the acoustic stage by Michele De Lucchi - Stresa Festival Classica &amp; Jazz Lago Maggiore","robots":{"index":"index","follow":"follow","max-snippet":"max-snippet:-1","max-image-preview":"max-image-preview:large","max-video-preview":"max-video-preview:-1"},"canonical":"https:\/\/www.stresafestival.eu\/en\/the-catapulta-the-acoustic-stage-by-michele-de-lucchi\/","og_locale":"en_US","og_type":"article","og_title":"The Catapulta: the acoustic stage by Michele De Lucchi - Stresa Festival Classica &amp; Jazz Lago Maggiore","og_description":"&lt;&lt;La musica all\u2019aperto si diffonde nell\u2019aria, si confonde con i suoni, gli odori e i colori della natura, il verde dei prati, il rosso del tramonto, il blu del mare. Il paesaggio \u00e8 una scenografia molto speciale per un concerto, che rende il suono meno tecnico, pi\u00f9 autentico e sincero. Musica e natura si compenetrano [&hellip;]","og_url":"https:\/\/www.stresafestival.eu\/en\/the-catapulta-the-acoustic-stage-by-michele-de-lucchi\/","og_site_name":"Stresa Festival Classica &amp; Jazz Lago Maggiore","article_published_time":"2022-02-21T12:36:58+00:00","article_modified_time":"2024-04-15T12:28:34+00:00","og_image":[{"width":1500,"height":998,"url":"https:\/\/www.stresafestival.eu\/wp-content\/uploads\/2022\/05\/catapulta_c_L_Di_Nozzi.jpg","type":"image\/jpeg"}],"author":"Stresa Festival","twitter_card":"summary_large_image","twitter_misc":{"Written by":"Stresa Festival","Est. reading time":"4 minutes"},"schema":{"@context":"https:\/\/schema.org","@graph":[{"@type":"Article","@id":"https:\/\/www.stresafestival.eu\/en\/the-catapulta-the-acoustic-stage-by-michele-de-lucchi\/#article","isPartOf":{"@id":"https:\/\/www.stresafestival.eu\/en\/the-catapulta-the-acoustic-stage-by-michele-de-lucchi\/"},"author":{"name":"Stresa Festival","@id":"https:\/\/www.stresafestival.eu\/en\/#\/schema\/person\/b9cf48d830f1444cdba67015e0fe548c"},"headline":"The Catapulta: the acoustic stage by Michele De Lucchi","datePublished":"2022-02-21T12:36:58+00:00","dateModified":"2024-04-15T12:28:34+00:00","mainEntityOfPage":{"@id":"https:\/\/www.stresafestival.eu\/en\/the-catapulta-the-acoustic-stage-by-michele-de-lucchi\/"},"wordCount":317,"image":{"@id":"https:\/\/www.stresafestival.eu\/en\/the-catapulta-the-acoustic-stage-by-michele-de-lucchi\/#primaryimage"},"thumbnailUrl":"https:\/\/www.stresafestival.eu\/wp-content\/uploads\/2022\/05\/catapulta_c_L_Di_Nozzi.jpg","keywords":["Lago Maggiore","Mario Brunello","Stresa Festival"],"articleSection":["Curiosity","News"],"inLanguage":"en-US"},{"@type":"WebPage","@id":"https:\/\/www.stresafestival.eu\/en\/the-catapulta-the-acoustic-stage-by-michele-de-lucchi\/","url":"https:\/\/www.stresafestival.eu\/en\/the-catapulta-the-acoustic-stage-by-michele-de-lucchi\/","name":"The Catapulta: the acoustic stage by Michele De Lucchi - Stresa Festival Classica &amp; Jazz Lago Maggiore","isPartOf":{"@id":"https:\/\/www.stresafestival.eu\/en\/#website"},"primaryImageOfPage":{"@id":"https:\/\/www.stresafestival.eu\/en\/the-catapulta-the-acoustic-stage-by-michele-de-lucchi\/#primaryimage"},"image":{"@id":"https:\/\/www.stresafestival.eu\/en\/the-catapulta-the-acoustic-stage-by-michele-de-lucchi\/#primaryimage"},"thumbnailUrl":"https:\/\/www.stresafestival.eu\/wp-content\/uploads\/2022\/05\/catapulta_c_L_Di_Nozzi.jpg","datePublished":"2022-02-21T12:36:58+00:00","dateModified":"2024-04-15T12:28:34+00:00","author":{"@id":"https:\/\/www.stresafestival.eu\/en\/#\/schema\/person\/b9cf48d830f1444cdba67015e0fe548c"},"breadcrumb":{"@id":"https:\/\/www.stresafestival.eu\/en\/the-catapulta-the-acoustic-stage-by-michele-de-lucchi\/#breadcrumb"},"inLanguage":"en-US","potentialAction":[{"@type":"ReadAction","target":["https:\/\/www.stresafestival.eu\/en\/the-catapulta-the-acoustic-stage-by-michele-de-lucchi\/"]}]},{"@type":"ImageObject","inLanguage":"en-US","@id":"https:\/\/www.stresafestival.eu\/en\/the-catapulta-the-acoustic-stage-by-michele-de-lucchi\/#primaryimage","url":"https:\/\/www.stresafestival.eu\/wp-content\/uploads\/2022\/05\/catapulta_c_L_Di_Nozzi.jpg","contentUrl":"https:\/\/www.stresafestival.eu\/wp-content\/uploads\/2022\/05\/catapulta_c_L_Di_Nozzi.jpg","width":1500,"height":998},{"@type":"BreadcrumbList","@id":"https:\/\/www.stresafestival.eu\/en\/the-catapulta-the-acoustic-stage-by-michele-de-lucchi\/#breadcrumb","itemListElement":[{"@type":"ListItem","position":1,"name":"Home","item":"https:\/\/www.stresafestival.eu\/en\/"},{"@type":"ListItem","position":2,"name":"The Catapulta: the acoustic stage by Michele De Lucchi"}]},{"@type":"WebSite","@id":"https:\/\/www.stresafestival.eu\/en\/#website","url":"https:\/\/www.stresafestival.eu\/en\/","name":"Stresa Festival Classica &amp; Jazz Lago Maggiore","description":"Festival di Musica Classica &amp; Jazz a Stresa sul Lago Maggiore","potentialAction":[{"@type":"SearchAction","target":{"@type":"EntryPoint","urlTemplate":"https:\/\/www.stresafestival.eu\/en\/?s={search_term_string}"},"query-input":{"@type":"PropertyValueSpecification","valueRequired":true,"valueName":"search_term_string"}}],"inLanguage":"en-US"},{"@type":"Person","@id":"https:\/\/www.stresafestival.eu\/en\/#\/schema\/person\/b9cf48d830f1444cdba67015e0fe548c","name":"Stresa Festival","image":{"@type":"ImageObject","inLanguage":"en-US","@id":"https:\/\/secure.gravatar.com\/avatar\/30771ba39916f9812d6865771807f07addc0cde569f2777e81232bbe78a602b2?s=96&d=mm&r=g","url":"https:\/\/secure.gravatar.com\/avatar\/30771ba39916f9812d6865771807f07addc0cde569f2777e81232bbe78a602b2?s=96&d=mm&r=g","contentUrl":"https:\/\/secure.gravatar.com\/avatar\/30771ba39916f9812d6865771807f07addc0cde569f2777e81232bbe78a602b2?s=96&d=mm&r=g","caption":"Stresa Festival"},"sameAs":["https:\/\/stresafestival.jamarea.com"],"url":"https:\/\/www.stresafestival.eu\/en\/author\/stresajam\/"}]}},"_links":{"self":[{"href":"https:\/\/www.stresafestival.eu\/en\/wp-json\/wp\/v2\/posts\/34057","targetHints":{"allow":["GET"]}}],"collection":[{"href":"https:\/\/www.stresafestival.eu\/en\/wp-json\/wp\/v2\/posts"}],"about":[{"href":"https:\/\/www.stresafestival.eu\/en\/wp-json\/wp\/v2\/types\/post"}],"author":[{"embeddable":true,"href":"https:\/\/www.stresafestival.eu\/en\/wp-json\/wp\/v2\/users\/1"}],"replies":[{"embeddable":true,"href":"https:\/\/www.stresafestival.eu\/en\/wp-json\/wp\/v2\/comments?post=34057"}],"version-history":[{"count":5,"href":"https:\/\/www.stresafestival.eu\/en\/wp-json\/wp\/v2\/posts\/34057\/revisions"}],"predecessor-version":[{"id":35336,"href":"https:\/\/www.stresafestival.eu\/en\/wp-json\/wp\/v2\/posts\/34057\/revisions\/35336"}],"wp:featuredmedia":[{"embeddable":true,"href":"https:\/\/www.stresafestival.eu\/en\/wp-json\/wp\/v2\/media\/30957"}],"wp:attachment":[{"href":"https:\/\/www.stresafestival.eu\/en\/wp-json\/wp\/v2\/media?parent=34057"}],"wp:term":[{"taxonomy":"category","embeddable":true,"href":"https:\/\/www.stresafestival.eu\/en\/wp-json\/wp\/v2\/categories?post=34057"},{"taxonomy":"post_tag","embeddable":true,"href":"https:\/\/www.stresafestival.eu\/en\/wp-json\/wp\/v2\/tags?post=34057"}],"curies":[{"name":"wp","href":"https:\/\/api.w.org\/{rel}","templated":true}]}}