{"id":34058,"date":"2021-10-01T12:37:27","date_gmt":"2021-10-01T12:37:27","guid":{"rendered":"https:\/\/stresafestival.jamarea.com\/2021-the-best-of\/"},"modified":"2024-04-10T06:26:04","modified_gmt":"2024-04-10T06:26:04","slug":"2021-the-best-of","status":"publish","type":"post","link":"https:\/\/www.stresafestival.eu\/en\/2021-the-best-of\/","title":{"rendered":"2021: the best of!"},"content":{"rendered":"\t\t<div data-elementor-type=\"wp-post\" data-elementor-id=\"34058\" class=\"elementor elementor-34058 elementor-29566\" data-elementor-post-type=\"post\">\n\t\t\t\t\t\t<section class=\"elementor-section elementor-top-section elementor-element elementor-element-78aceccd elementor-section-full_width elementor-section-height-default elementor-section-height-default qodef-elementor-content-no qodef-elementor-stretch-row-no qodef-elementor-overlay-no\" data-id=\"78aceccd\" data-element_type=\"section\">\n\t\t\t\t\t\t<div class=\"elementor-container elementor-column-gap-default\">\n\t\t\t\t\t\t<\/div>\n\t\t<\/section>\n\t\t\t\t<section class=\"elementor-section elementor-top-section elementor-element elementor-element-76e5a8d8 elementor-section-full_width elementor-section-height-default elementor-section-height-default qodef-elementor-content-no qodef-elementor-stretch-row-no qodef-elementor-overlay-no\" data-id=\"76e5a8d8\" data-element_type=\"section\">\n\t\t\t\t\t\t<div class=\"elementor-container elementor-column-gap-default\">\n\t\t\t\t\t<div class=\"elementor-column elementor-col-100 elementor-top-column elementor-element elementor-element-613204c\" data-id=\"613204c\" data-element_type=\"column\">\n\t\t\t<div class=\"elementor-widget-wrap elementor-element-populated\">\n\t\t\t\t\t\t<div class=\"elementor-element elementor-element-21dfb2dd elementor-widget elementor-widget-text-editor\" data-id=\"21dfb2dd\" data-element_type=\"widget\" data-widget_type=\"text-editor.default\">\n\t\t\t\t<div class=\"elementor-widget-container\">\n\t\t\t\t\t\t\t\t\t<blockquote><p>Come un bosco, il Festival respira e regala aria buona.<\/p><p>Come un bosco, il Festival cresce trasformandosi di anno in anno.<\/p><p>Come un bosco, il Festival invita alla scoperta delle sue ricchezze, antiche e nuove.<\/p><\/blockquote>\t\t\t\t\t\t\t\t<\/div>\n\t\t\t\t<\/div>\n\t\t\t\t<div class=\"elementor-element elementor-element-6772d75 elementor-widget elementor-widget-image\" data-id=\"6772d75\" data-element_type=\"widget\" data-widget_type=\"image.default\">\n\t\t\t\t<div class=\"elementor-widget-container\">\n\t\t\t\t\t\t\t\t\t\t\t\t<figure class=\"wp-caption\">\n\t\t\t\t\t\t\t\t\t\t<img fetchpriority=\"high\" decoding=\"async\" width=\"1000\" height=\"650\" src=\"https:\/\/www.stresafestival.eu\/wp-content\/uploads\/2024\/02\/Mario-Brunello-news-stresa-festival-2021-3-1000x650.jpg\" class=\"attachment-zermatt_image_size_landscape size-zermatt_image_size_landscape wp-image-30694\" alt=\"\" \/>\t\t\t\t\t\t\t\t\t\t\t<figcaption class=\"widget-image-caption wp-caption-text\">Mario Brunello, direttore artistico<\/figcaption>\n\t\t\t\t\t\t\t\t\t\t<\/figure>\n\t\t\t\t\t\t\t\t\t<\/div>\n\t\t\t\t<\/div>\n\t\t\t\t<div class=\"elementor-element elementor-element-154413fe elementor-widget elementor-widget-spacer\" data-id=\"154413fe\" data-element_type=\"widget\" data-widget_type=\"spacer.default\">\n\t\t\t\t<div class=\"elementor-widget-container\">\n\t\t\t\t\t\t\t<div class=\"elementor-spacer\">\n\t\t\t<div class=\"elementor-spacer-inner\"><\/div>\n\t\t<\/div>\n\t\t\t\t\t\t<\/div>\n\t\t\t\t<\/div>\n\t\t\t\t<div class=\"elementor-element elementor-element-3805ce73 elementor-widget elementor-widget-text-editor\" data-id=\"3805ce73\" data-element_type=\"widget\" data-widget_type=\"text-editor.default\">\n\t\t\t\t<div class=\"elementor-widget-container\">\n\t\t\t\t\t\t\t\t\t<div class=\"page\" title=\"Page 1\"><div class=\"layoutArea\"><div class=\"column\"><p><strong>Stresa Festival: la musica sul Lago Maggiore \u00e8 <em>green<\/em>.<br \/><\/strong><strong>La 60ma edizione dal 15 al 24 luglio e dal 19 agosto al 5 settembre 2021.<br \/><\/strong><\/p><p>Come un bosco, il Festival respira e produce aria buona.<br \/>Come un bosco, il Festival cresce trasformandosi di anno in anno.<br \/>Come un bosco, il Festival invita alla scoperta delle sue ricchezze, antiche e nuove.<br \/>Sono proprio gli alberi il simbolo del sessantesimo Stresa Festival 2021, alberi che nei boschi e nei giardini donano vita e bellezza, silenziosi artisti protagonisti dello splendido paesaggio di Stresa e del Lago Maggiore.<br \/>A luglio serate d\u2019eccezione con<strong> Stefano Bollani<\/strong>, <strong>Uri Caine<\/strong>,<strong> Gonzalo Rubalcaba<\/strong> e <strong>Alessandro Baricco<\/strong>.<br \/>Il cuore del Festival in agosto e settembre vede impegnati, tra gli altri, <strong>Nil Venditti<\/strong> con la<strong> Stuttgarter Kammerorchester<\/strong>;<strong> Daniele Gatti <\/strong>e l\u2019<strong>Orchestra dell\u2019Accademia Nazionale di Santa Cecilia<\/strong>;<strong> Gidon Kremer &amp; Kremerata Baltica<\/strong>;<strong> Fazil Say<\/strong>;<strong> Gianandrea Noseda <\/strong>con<strong> Mario Brunello <\/strong>e la<strong> Filarmonica della Scala<\/strong>;<strong> Pablo Ziegler<\/strong>;<strong> Giovanni Sollima<\/strong>;<strong> Beatrice Rana<\/strong>.<\/p><p><a href=\"http:\/\/www.stresafestival.eu\/wp-content\/uploads\/2022\/02\/2-Stresa-Festival-21-presentazione-Bruneo_9-aprile-sito_agg.pdf\"><strong>Scopri quil la presentazione completa di Mario Brunello.<\/strong><\/a><\/p><\/div><\/div><\/div>\t\t\t\t\t\t\t\t<\/div>\n\t\t\t\t<\/div>\n\t\t\t\t\t<\/div>\n\t\t<\/div>\n\t\t\t\t\t<\/div>\n\t\t<\/section>\n\t\t\t\t<section class=\"elementor-section elementor-top-section elementor-element elementor-element-7f0dcea3 elementor-section-full_width elementor-section-height-default elementor-section-height-default qodef-elementor-content-no qodef-elementor-stretch-row-no qodef-elementor-overlay-no\" data-id=\"7f0dcea3\" data-element_type=\"section\">\n\t\t\t\t\t\t<div class=\"elementor-container elementor-column-gap-default\">\n\t\t\t\t\t<div class=\"elementor-column elementor-col-100 elementor-top-column elementor-element elementor-element-12628c58\" data-id=\"12628c58\" data-element_type=\"column\">\n\t\t\t<div class=\"elementor-widget-wrap elementor-element-populated\">\n\t\t\t\t\t\t<div class=\"elementor-element elementor-element-443dd61f elementor-widget elementor-widget-video\" data-id=\"443dd61f\" data-element_type=\"widget\" data-settings=\"{&quot;youtube_url&quot;:&quot;https:\\\/\\\/www.youtube.com\\\/watch?v=mAzsShj8720&amp;list=PLgvT-Ummg4zb-OgoSw3YitnBsp7XA9bca&amp;index=1&quot;,&quot;video_type&quot;:&quot;youtube&quot;,&quot;controls&quot;:&quot;yes&quot;}\" data-widget_type=\"video.default\">\n\t\t\t\t<div class=\"elementor-widget-container\">\n\t\t\t\t\t\t\t<div class=\"elementor-wrapper elementor-open-inline\">\n\t\t\t<div class=\"elementor-video\"><\/div>\t\t<\/div>\n\t\t\t\t\t\t<\/div>\n\t\t\t\t<\/div>\n\t\t\t\t<div class=\"elementor-element elementor-element-12fc18d1 elementor-widget elementor-widget-spacer\" data-id=\"12fc18d1\" data-element_type=\"widget\" data-widget_type=\"spacer.default\">\n\t\t\t\t<div class=\"elementor-widget-container\">\n\t\t\t\t\t\t\t<div class=\"elementor-spacer\">\n\t\t\t<div class=\"elementor-spacer-inner\"><\/div>\n\t\t<\/div>\n\t\t\t\t\t\t<\/div>\n\t\t\t\t<\/div>\n\t\t\t\t<div class=\"elementor-element elementor-element-20211913 elementor-widget-divider--view-line elementor-widget elementor-widget-divider\" data-id=\"20211913\" data-element_type=\"widget\" data-widget_type=\"divider.default\">\n\t\t\t\t<div class=\"elementor-widget-container\">\n\t\t\t\t\t\t\t<div class=\"elementor-divider\">\n\t\t\t<span class=\"elementor-divider-separator\">\n\t\t\t\t\t\t<\/span>\n\t\t<\/div>\n\t\t\t\t\t\t<\/div>\n\t\t\t\t<\/div>\n\t\t\t\t<div class=\"elementor-element elementor-element-7b1d4213 elementor-widget elementor-widget-spacer\" data-id=\"7b1d4213\" data-element_type=\"widget\" data-widget_type=\"spacer.default\">\n\t\t\t\t<div class=\"elementor-widget-container\">\n\t\t\t\t\t\t\t<div class=\"elementor-spacer\">\n\t\t\t<div class=\"elementor-spacer-inner\"><\/div>\n\t\t<\/div>\n\t\t\t\t\t\t<\/div>\n\t\t\t\t<\/div>\n\t\t\t\t<div class=\"elementor-element elementor-element-57bebff elementor-widget elementor-widget-image\" data-id=\"57bebff\" data-element_type=\"widget\" data-widget_type=\"image.default\">\n\t\t\t\t<div class=\"elementor-widget-container\">\n\t\t\t\t\t\t\t\t\t\t\t\t<figure class=\"wp-caption\">\n\t\t\t\t\t\t\t\t\t\t<img decoding=\"async\" width=\"1500\" height=\"998\" src=\"https:\/\/www.stresafestival.eu\/wp-content\/uploads\/2021\/10\/210827_c_L_Di_Nozzi.jpg\" class=\"attachment-full size-full wp-image-30966\" alt=\"\" srcset=\"https:\/\/www.stresafestival.eu\/wp-content\/uploads\/2021\/10\/210827_c_L_Di_Nozzi.jpg 1500w, https:\/\/www.stresafestival.eu\/wp-content\/uploads\/2021\/10\/210827_c_L_Di_Nozzi-300x200.jpg 300w, https:\/\/www.stresafestival.eu\/wp-content\/uploads\/2021\/10\/210827_c_L_Di_Nozzi-1024x681.jpg 1024w, https:\/\/www.stresafestival.eu\/wp-content\/uploads\/2021\/10\/210827_c_L_Di_Nozzi-768x511.jpg 768w\" sizes=\"(max-width: 1500px) 100vw, 1500px\" \/>\t\t\t\t\t\t\t\t\t\t\t<figcaption class=\"widget-image-caption wp-caption-text\">&lt;&gt;. Mario Brunello<\/figcaption>\n\t\t\t\t\t\t\t\t\t\t<\/figure>\n\t\t\t\t\t\t\t\t\t<\/div>\n\t\t\t\t<\/div>\n\t\t\t\t\t<\/div>\n\t\t<\/div>\n\t\t\t\t\t<\/div>\n\t\t<\/section>\n\t\t\t\t<section class=\"elementor-section elementor-top-section elementor-element elementor-element-646ca049 elementor-section-full_width elementor-section-height-default elementor-section-height-default qodef-elementor-content-no qodef-elementor-stretch-row-no qodef-elementor-overlay-no\" data-id=\"646ca049\" data-element_type=\"section\">\n\t\t\t\t\t\t<div class=\"elementor-container elementor-column-gap-default\">\n\t\t\t\t\t<div class=\"elementor-column elementor-col-100 elementor-top-column elementor-element elementor-element-75462de7\" data-id=\"75462de7\" data-element_type=\"column\">\n\t\t\t<div class=\"elementor-widget-wrap elementor-element-populated\">\n\t\t\t\t\t\t<div class=\"elementor-element elementor-element-327ff6d5 elementor-widget elementor-widget-text-editor\" data-id=\"327ff6d5\" data-element_type=\"widget\" data-widget_type=\"text-editor.default\">\n\t\t\t\t<div class=\"elementor-widget-container\">\n\t\t\t\t\t\t\t\t\t<div class=\"page\" title=\"Page 1\"><div class=\"layoutArea\"><div class=\"column\"><p>L\u2019estate del Lago Maggiore \u00e8 il momento fortunato per chi ama la natura che, unita alla potenza della musica, regala un\u2019esperienza appassionante e stimolante. \u00c8 un passaggio invitante tra le tratte naturalistiche e musicali d\u2019Europa, tra paesaggi e note che imprimono suggestioni antiche e nuove, meta da sempre ricercata di bellezze naturali e occasioni musicali.<br \/>Il Festival si stringe ancora pi\u00f9 intensamente al suo territorio e sancisce un legame che affonda le sue radici in sessant\u2019anni di storia: segno distintivo e fonte di ispirazione \u00e8 il dialogo profondo e continuo con i preziosi spazi sonori che si affacciano sul lago e che diventano casa per la musica e gli artisti.<br \/>Appuntamenti musicali di prestigio e indimenticabili incontri con gli artisti sono il cuore della 60\u00b0 edizione.<\/p><\/div><\/div><\/div>\t\t\t\t\t\t\t\t<\/div>\n\t\t\t\t<\/div>\n\t\t\t\t\t<\/div>\n\t\t<\/div>\n\t\t\t\t\t<\/div>\n\t\t<\/section>\n\t\t\t\t<section class=\"elementor-section elementor-top-section elementor-element elementor-element-7844979f elementor-section-full_width elementor-section-height-default elementor-section-height-default qodef-elementor-content-no qodef-elementor-stretch-row-no qodef-elementor-overlay-no\" data-id=\"7844979f\" data-element_type=\"section\">\n\t\t\t\t\t\t<div class=\"elementor-container elementor-column-gap-default\">\n\t\t\t\t\t<div class=\"elementor-column elementor-col-100 elementor-top-column elementor-element elementor-element-6d6cf0a5\" data-id=\"6d6cf0a5\" data-element_type=\"column\">\n\t\t\t<div class=\"elementor-widget-wrap elementor-element-populated\">\n\t\t\t\t\t\t<div class=\"elementor-element elementor-element-7f517bd8 elementor-widget-divider--view-line elementor-widget elementor-widget-divider\" data-id=\"7f517bd8\" data-element_type=\"widget\" data-widget_type=\"divider.default\">\n\t\t\t\t<div class=\"elementor-widget-container\">\n\t\t\t\t\t\t\t<div class=\"elementor-divider\">\n\t\t\t<span class=\"elementor-divider-separator\">\n\t\t\t\t\t\t<\/span>\n\t\t<\/div>\n\t\t\t\t\t\t<\/div>\n\t\t\t\t<\/div>\n\t\t\t\t<div class=\"elementor-element elementor-element-675d2108 elementor-widget elementor-widget-spacer\" data-id=\"675d2108\" data-element_type=\"widget\" data-widget_type=\"spacer.default\">\n\t\t\t\t<div class=\"elementor-widget-container\">\n\t\t\t\t\t\t\t<div class=\"elementor-spacer\">\n\t\t\t<div class=\"elementor-spacer-inner\"><\/div>\n\t\t<\/div>\n\t\t\t\t\t\t<\/div>\n\t\t\t\t<\/div>\n\t\t\t\t<div class=\"elementor-element elementor-element-5c8cafbd elementor-widget elementor-widget-text-editor\" data-id=\"5c8cafbd\" data-element_type=\"widget\" data-widget_type=\"text-editor.default\">\n\t\t\t\t<div class=\"elementor-widget-container\">\n\t\t\t\t\t\t\t\t\t<p><strong>Un omaggio per il 60esimo!<\/strong><\/p><p>In occasione del suo 60esimo compleanno il Festival di Stresa ha pensato di offrire al pubblico non fiori ma semi. In collaborazione con la <em>Societ\u00e0 Italiana della Camelia<\/em> ecco dunque l\u2019omaggio di queste strane meline che sono<strong> i frutti della camelia, pianta simbolo del Lago Maggiore<\/strong>. Messe al sole ad essiccare si schiuderanno per rivelare tre o quattro semi che possono essere messi subito a germinare in un vasetto. A maggio\/aprile spunteranno i nuovi germogli che daranno vita a una nuova pianta.<br \/>I frutti sono stati raccolti dalla collezione di camelie di Villa Anelli a Oggebbio dove sono a dimora pi\u00f9 di 500 variet\u00e0 differenti che, impollinandosi tra loro, creano sempre nuove variet\u00e0.<\/p>\t\t\t\t\t\t\t\t<\/div>\n\t\t\t\t<\/div>\n\t\t\t\t\t<\/div>\n\t\t<\/div>\n\t\t\t\t\t<\/div>\n\t\t<\/section>\n\t\t\t\t<section class=\"elementor-section elementor-top-section elementor-element elementor-element-d0fc70e elementor-section-full_width elementor-section-height-default elementor-section-height-default qodef-elementor-content-no qodef-elementor-stretch-row-no qodef-elementor-overlay-no\" data-id=\"d0fc70e\" data-element_type=\"section\">\n\t\t\t\t\t\t<div class=\"elementor-container elementor-column-gap-default\">\n\t\t\t\t\t<div class=\"elementor-column elementor-col-50 elementor-top-column elementor-element elementor-element-53ec62b\" data-id=\"53ec62b\" data-element_type=\"column\">\n\t\t\t<div class=\"elementor-widget-wrap elementor-element-populated\">\n\t\t\t\t\t\t<div class=\"elementor-element elementor-element-5d243661 elementor-widget elementor-widget-image\" data-id=\"5d243661\" data-element_type=\"widget\" data-widget_type=\"image.default\">\n\t\t\t\t<div class=\"elementor-widget-container\">\n\t\t\t\t\t\t\t\t\t\t\t\t\t\t\t<img decoding=\"async\" width=\"650\" height=\"650\" src=\"https:\/\/www.stresafestival.eu\/wp-content\/uploads\/2021\/10\/210827_c_L_Di_Nozzi_0016-650x650.jpg\" class=\"attachment-zermatt_image_size_square size-zermatt_image_size_square wp-image-30967\" alt=\"\" srcset=\"https:\/\/www.stresafestival.eu\/wp-content\/uploads\/2021\/10\/210827_c_L_Di_Nozzi_0016-650x650.jpg 650w, https:\/\/www.stresafestival.eu\/wp-content\/uploads\/2021\/10\/210827_c_L_Di_Nozzi_0016-150x150.jpg 150w\" sizes=\"(max-width: 650px) 100vw, 650px\" \/>\t\t\t\t\t\t\t\t\t\t\t\t\t\t\t<\/div>\n\t\t\t\t<\/div>\n\t\t\t\t\t<\/div>\n\t\t<\/div>\n\t\t\t\t<div class=\"elementor-column elementor-col-50 elementor-top-column elementor-element elementor-element-6ff06fa0\" data-id=\"6ff06fa0\" data-element_type=\"column\">\n\t\t\t<div class=\"elementor-widget-wrap elementor-element-populated\">\n\t\t\t\t\t\t<div class=\"elementor-element elementor-element-1cfbdedb elementor-widget elementor-widget-image\" data-id=\"1cfbdedb\" data-element_type=\"widget\" data-widget_type=\"image.default\">\n\t\t\t\t<div class=\"elementor-widget-container\">\n\t\t\t\t\t\t\t\t\t\t\t\t\t\t\t<img loading=\"lazy\" decoding=\"async\" width=\"650\" height=\"650\" src=\"https:\/\/www.stresafestival.eu\/wp-content\/uploads\/2021\/10\/210827_c_L_Di_Nozzi_0031-650x650.jpg\" class=\"attachment-zermatt_image_size_square size-zermatt_image_size_square wp-image-30968\" alt=\"\" srcset=\"https:\/\/www.stresafestival.eu\/wp-content\/uploads\/2021\/10\/210827_c_L_Di_Nozzi_0031-650x650.jpg 650w, https:\/\/www.stresafestival.eu\/wp-content\/uploads\/2021\/10\/210827_c_L_Di_Nozzi_0031-150x150.jpg 150w\" sizes=\"(max-width: 650px) 100vw, 650px\" \/>\t\t\t\t\t\t\t\t\t\t\t\t\t\t\t<\/div>\n\t\t\t\t<\/div>\n\t\t\t\t\t<\/div>\n\t\t<\/div>\n\t\t\t\t\t<\/div>\n\t\t<\/section>\n\t\t\t\t<section class=\"elementor-section elementor-top-section elementor-element elementor-element-fdf43ad elementor-section-full_width elementor-section-height-default elementor-section-height-default qodef-elementor-content-no qodef-elementor-stretch-row-no qodef-elementor-overlay-no\" data-id=\"fdf43ad\" data-element_type=\"section\">\n\t\t\t\t\t\t<div class=\"elementor-container elementor-column-gap-default\">\n\t\t\t\t\t<div class=\"elementor-column elementor-col-100 elementor-top-column elementor-element elementor-element-196e9621\" data-id=\"196e9621\" data-element_type=\"column\">\n\t\t\t<div class=\"elementor-widget-wrap elementor-element-populated\">\n\t\t\t\t\t\t<div class=\"elementor-element elementor-element-3e6e57dd elementor-widget elementor-widget-image\" data-id=\"3e6e57dd\" data-element_type=\"widget\" data-widget_type=\"image.default\">\n\t\t\t\t<div class=\"elementor-widget-container\">\n\t\t\t\t\t\t\t\t\t\t\t\t\t\t\t<img loading=\"lazy\" decoding=\"async\" width=\"1300\" height=\"650\" src=\"https:\/\/www.stresafestival.eu\/wp-content\/uploads\/2024\/02\/210827_c_L_Di_Nozzi_0017-1300x650.jpg\" class=\"attachment-zermatt_image_size_landscape size-zermatt_image_size_landscape wp-image-30695\" alt=\"\" \/>\t\t\t\t\t\t\t\t\t\t\t\t\t\t\t<\/div>\n\t\t\t\t<\/div>\n\t\t\t\t<div class=\"elementor-element elementor-element-54a4fc3e elementor-widget elementor-widget-spacer\" data-id=\"54a4fc3e\" data-element_type=\"widget\" data-widget_type=\"spacer.default\">\n\t\t\t\t<div class=\"elementor-widget-container\">\n\t\t\t\t\t\t\t<div class=\"elementor-spacer\">\n\t\t\t<div class=\"elementor-spacer-inner\"><\/div>\n\t\t<\/div>\n\t\t\t\t\t\t<\/div>\n\t\t\t\t<\/div>\n\t\t\t\t<div class=\"elementor-element elementor-element-506cde95 elementor-widget-divider--view-line elementor-widget elementor-widget-divider\" data-id=\"506cde95\" data-element_type=\"widget\" data-widget_type=\"divider.default\">\n\t\t\t\t<div class=\"elementor-widget-container\">\n\t\t\t\t\t\t\t<div class=\"elementor-divider\">\n\t\t\t<span class=\"elementor-divider-separator\">\n\t\t\t\t\t\t<\/span>\n\t\t<\/div>\n\t\t\t\t\t\t<\/div>\n\t\t\t\t<\/div>\n\t\t\t\t\t<\/div>\n\t\t<\/div>\n\t\t\t\t\t<\/div>\n\t\t<\/section>\n\t\t\t\t<section class=\"elementor-section elementor-top-section elementor-element elementor-element-31beddf4 elementor-section-full_width elementor-section-height-default elementor-section-height-default qodef-elementor-content-no qodef-elementor-stretch-row-no qodef-elementor-overlay-no\" data-id=\"31beddf4\" data-element_type=\"section\">\n\t\t\t\t\t\t<div class=\"elementor-container elementor-column-gap-default\">\n\t\t\t\t\t<div class=\"elementor-column elementor-col-100 elementor-top-column elementor-element elementor-element-17718b99\" data-id=\"17718b99\" data-element_type=\"column\">\n\t\t\t<div class=\"elementor-widget-wrap elementor-element-populated\">\n\t\t\t\t\t\t<div class=\"elementor-element elementor-element-5c99ed8f elementor-widget elementor-widget-image\" data-id=\"5c99ed8f\" data-element_type=\"widget\" data-widget_type=\"image.default\">\n\t\t\t\t<div class=\"elementor-widget-container\">\n\t\t\t\t\t\t\t\t\t\t\t\t<figure class=\"wp-caption\">\n\t\t\t\t\t\t\t\t\t\t<img loading=\"lazy\" decoding=\"async\" width=\"1500\" height=\"998\" src=\"https:\/\/www.stresafestival.eu\/wp-content\/uploads\/2021\/10\/210717_c_L_Di_Nozzi_stefano-bollani.jpg\" class=\"attachment-full size-full wp-image-30969\" alt=\"\" srcset=\"https:\/\/www.stresafestival.eu\/wp-content\/uploads\/2021\/10\/210717_c_L_Di_Nozzi_stefano-bollani.jpg 1500w, https:\/\/www.stresafestival.eu\/wp-content\/uploads\/2021\/10\/210717_c_L_Di_Nozzi_stefano-bollani-300x200.jpg 300w, https:\/\/www.stresafestival.eu\/wp-content\/uploads\/2021\/10\/210717_c_L_Di_Nozzi_stefano-bollani-1024x681.jpg 1024w, https:\/\/www.stresafestival.eu\/wp-content\/uploads\/2021\/10\/210717_c_L_Di_Nozzi_stefano-bollani-768x511.jpg 768w\" sizes=\"(max-width: 1500px) 100vw, 1500px\" \/>\t\t\t\t\t\t\t\t\t\t\t<figcaption class=\"widget-image-caption wp-caption-text\">Stefano Bollani<\/figcaption>\n\t\t\t\t\t\t\t\t\t\t<\/figure>\n\t\t\t\t\t\t\t\t\t<\/div>\n\t\t\t\t<\/div>\n\t\t\t\t\t<\/div>\n\t\t<\/div>\n\t\t\t\t\t<\/div>\n\t\t<\/section>\n\t\t\t\t<section class=\"elementor-section elementor-top-section elementor-element elementor-element-a449785 elementor-section-full_width elementor-section-height-default elementor-section-height-default qodef-elementor-content-no qodef-elementor-stretch-row-no qodef-elementor-overlay-no\" data-id=\"a449785\" data-element_type=\"section\">\n\t\t\t\t\t\t<div class=\"elementor-container elementor-column-gap-default\">\n\t\t\t\t\t<div class=\"elementor-column elementor-col-50 elementor-top-column elementor-element elementor-element-6826f05a\" data-id=\"6826f05a\" data-element_type=\"column\">\n\t\t\t<div class=\"elementor-widget-wrap elementor-element-populated\">\n\t\t\t\t\t\t<div class=\"elementor-element elementor-element-33e76ba7 elementor-widget elementor-widget-image\" data-id=\"33e76ba7\" data-element_type=\"widget\" data-widget_type=\"image.default\">\n\t\t\t\t<div class=\"elementor-widget-container\">\n\t\t\t\t\t\t\t\t\t\t\t\t<figure class=\"wp-caption\">\n\t\t\t\t\t\t\t\t\t\t<img loading=\"lazy\" decoding=\"async\" width=\"650\" height=\"650\" src=\"https:\/\/www.stresafestival.eu\/wp-content\/uploads\/2024\/02\/20210716-Uri-Caine_\u00a9-Stresa-Festival-ph.-Davide-Martignoni-scaled-1-650x650.jpg\" class=\"attachment-zermatt_image_size_square size-zermatt_image_size_square wp-image-30553\" alt=\"\" srcset=\"https:\/\/www.stresafestival.eu\/wp-content\/uploads\/2024\/02\/20210716-Uri-Caine_\u00a9-Stresa-Festival-ph.-Davide-Martignoni-scaled-1-650x650.jpg 650w, https:\/\/www.stresafestival.eu\/wp-content\/uploads\/2024\/02\/20210716-Uri-Caine_\u00a9-Stresa-Festival-ph.-Davide-Martignoni-scaled-1-150x150.jpg 150w, https:\/\/www.stresafestival.eu\/wp-content\/uploads\/2024\/02\/20210716-Uri-Caine_\u00a9-Stresa-Festival-ph.-Davide-Martignoni-scaled-1-1300x1300.jpg 1300w\" sizes=\"(max-width: 650px) 100vw, 650px\" \/>\t\t\t\t\t\t\t\t\t\t\t<figcaption class=\"widget-image-caption wp-caption-text\">Uri Caine<\/figcaption>\n\t\t\t\t\t\t\t\t\t\t<\/figure>\n\t\t\t\t\t\t\t\t\t<\/div>\n\t\t\t\t<\/div>\n\t\t\t\t\t<\/div>\n\t\t<\/div>\n\t\t\t\t<div class=\"elementor-column elementor-col-50 elementor-top-column elementor-element elementor-element-6aded0b1\" data-id=\"6aded0b1\" data-element_type=\"column\">\n\t\t\t<div class=\"elementor-widget-wrap elementor-element-populated\">\n\t\t\t\t\t\t<div class=\"elementor-element elementor-element-466b0cf elementor-widget elementor-widget-image\" data-id=\"466b0cf\" data-element_type=\"widget\" data-widget_type=\"image.default\">\n\t\t\t\t<div class=\"elementor-widget-container\">\n\t\t\t\t\t\t\t\t\t\t\t\t<figure class=\"wp-caption\">\n\t\t\t\t\t\t\t\t\t\t<img loading=\"lazy\" decoding=\"async\" width=\"650\" height=\"650\" src=\"https:\/\/www.stresafestival.eu\/wp-content\/uploads\/2021\/10\/210723_c_L_Di_Nozzi_baricco-650x650.jpg\" class=\"attachment-qi_addons_for_elementor_image_size_square size-qi_addons_for_elementor_image_size_square wp-image-30970\" alt=\"\" srcset=\"https:\/\/www.stresafestival.eu\/wp-content\/uploads\/2021\/10\/210723_c_L_Di_Nozzi_baricco-650x650.jpg 650w, https:\/\/www.stresafestival.eu\/wp-content\/uploads\/2021\/10\/210723_c_L_Di_Nozzi_baricco-150x150.jpg 150w\" sizes=\"(max-width: 650px) 100vw, 650px\" \/>\t\t\t\t\t\t\t\t\t\t\t<figcaption class=\"widget-image-caption wp-caption-text\">Alessandro Baricco<\/figcaption>\n\t\t\t\t\t\t\t\t\t\t<\/figure>\n\t\t\t\t\t\t\t\t\t<\/div>\n\t\t\t\t<\/div>\n\t\t\t\t\t<\/div>\n\t\t<\/div>\n\t\t\t\t\t<\/div>\n\t\t<\/section>\n\t\t\t\t<section class=\"elementor-section elementor-top-section elementor-element elementor-element-7cf69c38 elementor-section-boxed elementor-section-height-default elementor-section-height-default qodef-elementor-content-no qodef-elementor-stretch-row-no qodef-elementor-overlay-no\" data-id=\"7cf69c38\" data-element_type=\"section\">\n\t\t\t\t\t\t<div class=\"elementor-container elementor-column-gap-default\">\n\t\t\t\t\t<div class=\"elementor-column elementor-col-66 elementor-top-column elementor-element elementor-element-49d0768\" data-id=\"49d0768\" data-element_type=\"column\">\n\t\t\t<div class=\"elementor-widget-wrap elementor-element-populated\">\n\t\t\t\t\t\t<div class=\"elementor-element elementor-element-2ed8fc42 elementor-widget elementor-widget-image\" data-id=\"2ed8fc42\" data-element_type=\"widget\" data-widget_type=\"image.default\">\n\t\t\t\t<div class=\"elementor-widget-container\">\n\t\t\t\t\t\t\t\t\t\t\t\t<figure class=\"wp-caption\">\n\t\t\t\t\t\t\t\t\t\t<img loading=\"lazy\" decoding=\"async\" width=\"1024\" height=\"681\" src=\"https:\/\/www.stresafestival.eu\/wp-content\/uploads\/2024\/02\/210819_c_L_Di_Nozzi_0043-1024x681.jpg\" class=\"attachment-large size-large wp-image-30696\" alt=\"\" srcset=\"https:\/\/www.stresafestival.eu\/wp-content\/uploads\/2024\/02\/210819_c_L_Di_Nozzi_0043-1024x681.jpg 1024w, https:\/\/www.stresafestival.eu\/wp-content\/uploads\/2024\/02\/210819_c_L_Di_Nozzi_0043-300x200.jpg 300w, https:\/\/www.stresafestival.eu\/wp-content\/uploads\/2024\/02\/210819_c_L_Di_Nozzi_0043-768x511.jpg 768w, https:\/\/www.stresafestival.eu\/wp-content\/uploads\/2024\/02\/210819_c_L_Di_Nozzi_0043.jpg 1500w\" sizes=\"(max-width: 1024px) 100vw, 1024px\" \/>\t\t\t\t\t\t\t\t\t\t\t<figcaption class=\"widget-image-caption wp-caption-text\">Stuttgarter Kammerorchester, Nil Venditti<\/figcaption>\n\t\t\t\t\t\t\t\t\t\t<\/figure>\n\t\t\t\t\t\t\t\t\t<\/div>\n\t\t\t\t<\/div>\n\t\t\t\t\t<\/div>\n\t\t<\/div>\n\t\t\t\t<div class=\"elementor-column elementor-col-33 elementor-top-column elementor-element elementor-element-72c7951f\" data-id=\"72c7951f\" data-element_type=\"column\">\n\t\t\t<div class=\"elementor-widget-wrap elementor-element-populated\">\n\t\t\t\t\t\t<div class=\"elementor-element elementor-element-2a0c76f0 elementor-widget elementor-widget-image\" data-id=\"2a0c76f0\" data-element_type=\"widget\" data-widget_type=\"image.default\">\n\t\t\t\t<div class=\"elementor-widget-container\">\n\t\t\t\t\t\t\t\t\t\t\t\t<figure class=\"wp-caption\">\n\t\t\t\t\t\t\t\t\t\t<img loading=\"lazy\" decoding=\"async\" width=\"1024\" height=\"681\" src=\"https:\/\/www.stresafestival.eu\/wp-content\/uploads\/2021\/10\/210819_c_L_Di_Nozzi_0083-1024x681.jpg\" class=\"attachment-large size-large wp-image-30971\" alt=\"\" srcset=\"https:\/\/www.stresafestival.eu\/wp-content\/uploads\/2021\/10\/210819_c_L_Di_Nozzi_0083-1024x681.jpg 1024w, https:\/\/www.stresafestival.eu\/wp-content\/uploads\/2021\/10\/210819_c_L_Di_Nozzi_0083-300x200.jpg 300w, https:\/\/www.stresafestival.eu\/wp-content\/uploads\/2021\/10\/210819_c_L_Di_Nozzi_0083-768x511.jpg 768w, https:\/\/www.stresafestival.eu\/wp-content\/uploads\/2021\/10\/210819_c_L_Di_Nozzi_0083.jpg 1500w\" sizes=\"(max-width: 1024px) 100vw, 1024px\" \/>\t\t\t\t\t\t\t\t\t\t\t<figcaption class=\"widget-image-caption wp-caption-text\">Marie-Ange Nguci<\/figcaption>\n\t\t\t\t\t\t\t\t\t\t<\/figure>\n\t\t\t\t\t\t\t\t\t<\/div>\n\t\t\t\t<\/div>\n\t\t\t\t<div class=\"elementor-element elementor-element-7f20d62f elementor-widget elementor-widget-image\" data-id=\"7f20d62f\" data-element_type=\"widget\" data-widget_type=\"image.default\">\n\t\t\t\t<div class=\"elementor-widget-container\">\n\t\t\t\t\t\t\t\t\t\t\t\t<figure class=\"wp-caption\">\n\t\t\t\t\t\t\t\t\t\t<img loading=\"lazy\" decoding=\"async\" width=\"1024\" height=\"681\" src=\"https:\/\/www.stresafestival.eu\/wp-content\/uploads\/2024\/02\/210819_c_L_Di_Nozzi_0162-1024x681.jpg\" class=\"attachment-large size-large wp-image-30697\" alt=\"\" srcset=\"https:\/\/www.stresafestival.eu\/wp-content\/uploads\/2024\/02\/210819_c_L_Di_Nozzi_0162-1024x681.jpg 1024w, https:\/\/www.stresafestival.eu\/wp-content\/uploads\/2024\/02\/210819_c_L_Di_Nozzi_0162-300x200.jpg 300w, https:\/\/www.stresafestival.eu\/wp-content\/uploads\/2024\/02\/210819_c_L_Di_Nozzi_0162-768x511.jpg 768w, https:\/\/www.stresafestival.eu\/wp-content\/uploads\/2024\/02\/210819_c_L_Di_Nozzi_0162.jpg 1500w\" sizes=\"(max-width: 1024px) 100vw, 1024px\" \/>\t\t\t\t\t\t\t\t\t\t\t<figcaption class=\"widget-image-caption wp-caption-text\">Nil Venditti<\/figcaption>\n\t\t\t\t\t\t\t\t\t\t<\/figure>\n\t\t\t\t\t\t\t\t\t<\/div>\n\t\t\t\t<\/div>\n\t\t\t\t\t<\/div>\n\t\t<\/div>\n\t\t\t\t\t<\/div>\n\t\t<\/section>\n\t\t\t\t<section class=\"elementor-section elementor-top-section elementor-element elementor-element-27cc726f elementor-section-boxed elementor-section-height-default elementor-section-height-default qodef-elementor-content-no qodef-elementor-stretch-row-no qodef-elementor-overlay-no\" data-id=\"27cc726f\" data-element_type=\"section\">\n\t\t\t\t\t\t<div class=\"elementor-container elementor-column-gap-default\">\n\t\t\t\t\t<div class=\"elementor-column elementor-col-100 elementor-top-column elementor-element elementor-element-5d1dca01\" data-id=\"5d1dca01\" data-element_type=\"column\">\n\t\t\t<div class=\"elementor-widget-wrap elementor-element-populated\">\n\t\t\t\t\t\t<div class=\"elementor-element elementor-element-37e47fd7 elementor-widget elementor-widget-image\" data-id=\"37e47fd7\" data-element_type=\"widget\" data-widget_type=\"image.default\">\n\t\t\t\t<div class=\"elementor-widget-container\">\n\t\t\t\t\t\t\t\t\t\t\t\t<figure class=\"wp-caption\">\n\t\t\t\t\t\t\t\t\t\t<img loading=\"lazy\" decoding=\"async\" width=\"1024\" height=\"681\" src=\"https:\/\/www.stresafestival.eu\/wp-content\/uploads\/2021\/10\/210821_c_L_Di_Nozzi_0132-1024x681.jpg\" class=\"attachment-large size-large wp-image-30972\" alt=\"\" srcset=\"https:\/\/www.stresafestival.eu\/wp-content\/uploads\/2021\/10\/210821_c_L_Di_Nozzi_0132-1024x681.jpg 1024w, https:\/\/www.stresafestival.eu\/wp-content\/uploads\/2021\/10\/210821_c_L_Di_Nozzi_0132-300x200.jpg 300w, https:\/\/www.stresafestival.eu\/wp-content\/uploads\/2021\/10\/210821_c_L_Di_Nozzi_0132-768x511.jpg 768w, https:\/\/www.stresafestival.eu\/wp-content\/uploads\/2021\/10\/210821_c_L_Di_Nozzi_0132.jpg 1500w\" sizes=\"(max-width: 1024px) 100vw, 1024px\" \/>\t\t\t\t\t\t\t\t\t\t\t<figcaption class=\"widget-image-caption wp-caption-text\">Gidon Kremer e Kremerata Baltica <\/figcaption>\n\t\t\t\t\t\t\t\t\t\t<\/figure>\n\t\t\t\t\t\t\t\t\t<\/div>\n\t\t\t\t<\/div>\n\t\t\t\t\t<\/div>\n\t\t<\/div>\n\t\t\t\t\t<\/div>\n\t\t<\/section>\n\t\t\t\t<section class=\"elementor-section elementor-top-section elementor-element elementor-element-236f6f33 elementor-section-boxed elementor-section-height-default elementor-section-height-default qodef-elementor-content-no qodef-elementor-stretch-row-no qodef-elementor-overlay-no\" data-id=\"236f6f33\" data-element_type=\"section\">\n\t\t\t\t\t\t<div class=\"elementor-container elementor-column-gap-default\">\n\t\t\t\t\t<div class=\"elementor-column elementor-col-33 elementor-top-column elementor-element elementor-element-6fbd401a\" data-id=\"6fbd401a\" data-element_type=\"column\">\n\t\t\t<div class=\"elementor-widget-wrap elementor-element-populated\">\n\t\t\t\t\t\t<div class=\"elementor-element elementor-element-658d2cd6 elementor-widget elementor-widget-image\" data-id=\"658d2cd6\" data-element_type=\"widget\" data-widget_type=\"image.default\">\n\t\t\t\t<div class=\"elementor-widget-container\">\n\t\t\t\t\t\t\t\t\t\t\t\t\t\t\t<img loading=\"lazy\" decoding=\"async\" width=\"681\" height=\"1024\" src=\"https:\/\/www.stresafestival.eu\/wp-content\/uploads\/2024\/02\/210826_c_L_Di_Nozzi_0024-681x1024.jpg\" class=\"attachment-large size-large wp-image-30698\" alt=\"\" srcset=\"https:\/\/www.stresafestival.eu\/wp-content\/uploads\/2024\/02\/210826_c_L_Di_Nozzi_0024-681x1024.jpg 681w, https:\/\/www.stresafestival.eu\/wp-content\/uploads\/2024\/02\/210826_c_L_Di_Nozzi_0024-200x300.jpg 200w, https:\/\/www.stresafestival.eu\/wp-content\/uploads\/2024\/02\/210826_c_L_Di_Nozzi_0024-768x1154.jpg 768w, https:\/\/www.stresafestival.eu\/wp-content\/uploads\/2024\/02\/210826_c_L_Di_Nozzi_0024.jpg 998w\" sizes=\"(max-width: 681px) 100vw, 681px\" \/>\t\t\t\t\t\t\t\t\t\t\t\t\t\t\t<\/div>\n\t\t\t\t<\/div>\n\t\t\t\t\t<\/div>\n\t\t<\/div>\n\t\t\t\t<div class=\"elementor-column elementor-col-66 elementor-top-column elementor-element elementor-element-2ab406e0\" data-id=\"2ab406e0\" data-element_type=\"column\">\n\t\t\t<div class=\"elementor-widget-wrap elementor-element-populated\">\n\t\t\t\t\t\t<div class=\"elementor-element elementor-element-3e988ca elementor-widget elementor-widget-image\" data-id=\"3e988ca\" data-element_type=\"widget\" data-widget_type=\"image.default\">\n\t\t\t\t<div class=\"elementor-widget-container\">\n\t\t\t\t\t\t\t\t\t\t\t\t<figure class=\"wp-caption\">\n\t\t\t\t\t\t\t\t\t\t<img loading=\"lazy\" decoding=\"async\" width=\"1024\" height=\"681\" src=\"https:\/\/www.stresafestival.eu\/wp-content\/uploads\/2021\/10\/210826_c_L_Di_Nozzi_0040-1024x681.jpg\" class=\"attachment-large size-large wp-image-30973\" alt=\"\" srcset=\"https:\/\/www.stresafestival.eu\/wp-content\/uploads\/2021\/10\/210826_c_L_Di_Nozzi_0040-1024x681.jpg 1024w, https:\/\/www.stresafestival.eu\/wp-content\/uploads\/2021\/10\/210826_c_L_Di_Nozzi_0040-300x200.jpg 300w, https:\/\/www.stresafestival.eu\/wp-content\/uploads\/2021\/10\/210826_c_L_Di_Nozzi_0040-768x511.jpg 768w, https:\/\/www.stresafestival.eu\/wp-content\/uploads\/2021\/10\/210826_c_L_Di_Nozzi_0040.jpg 1500w\" sizes=\"(max-width: 1024px) 100vw, 1024px\" \/>\t\t\t\t\t\t\t\t\t\t\t<figcaption class=\"widget-image-caption wp-caption-text\">Fazil Say<\/figcaption>\n\t\t\t\t\t\t\t\t\t\t<\/figure>\n\t\t\t\t\t\t\t\t\t<\/div>\n\t\t\t\t<\/div>\n\t\t\t\t\t<\/div>\n\t\t<\/div>\n\t\t\t\t\t<\/div>\n\t\t<\/section>\n\t\t\t\t<section class=\"elementor-section elementor-top-section elementor-element elementor-element-6cbfc5ec elementor-section-boxed elementor-section-height-default elementor-section-height-default qodef-elementor-content-no qodef-elementor-stretch-row-no qodef-elementor-overlay-no\" data-id=\"6cbfc5ec\" data-element_type=\"section\">\n\t\t\t\t\t\t<div class=\"elementor-container elementor-column-gap-default\">\n\t\t\t\t\t<div class=\"elementor-column elementor-col-33 elementor-top-column elementor-element elementor-element-6afd775d\" data-id=\"6afd775d\" data-element_type=\"column\">\n\t\t\t<div class=\"elementor-widget-wrap elementor-element-populated\">\n\t\t\t\t\t\t<div class=\"elementor-element elementor-element-7aa8337f elementor-widget elementor-widget-image\" data-id=\"7aa8337f\" data-element_type=\"widget\" data-widget_type=\"image.default\">\n\t\t\t\t<div class=\"elementor-widget-container\">\n\t\t\t\t\t\t\t\t\t\t\t\t<figure class=\"wp-caption\">\n\t\t\t\t\t\t\t\t\t\t<img loading=\"lazy\" decoding=\"async\" width=\"768\" height=\"1024\" src=\"https:\/\/www.stresafestival.eu\/wp-content\/uploads\/2021\/10\/210827_c_L_Di_Nozzi_0055-768x1024.jpg\" class=\"attachment-large size-large wp-image-30974\" alt=\"\" srcset=\"https:\/\/www.stresafestival.eu\/wp-content\/uploads\/2021\/10\/210827_c_L_Di_Nozzi_0055-768x1024.jpg 768w, https:\/\/www.stresafestival.eu\/wp-content\/uploads\/2021\/10\/210827_c_L_Di_Nozzi_0055-225x300.jpg 225w, https:\/\/www.stresafestival.eu\/wp-content\/uploads\/2021\/10\/210827_c_L_Di_Nozzi_0055-500x666.jpg 500w, https:\/\/www.stresafestival.eu\/wp-content\/uploads\/2021\/10\/210827_c_L_Di_Nozzi_0055.jpg 1125w\" sizes=\"(max-width: 768px) 100vw, 768px\" \/>\t\t\t\t\t\t\t\t\t\t\t<figcaption class=\"widget-image-caption wp-caption-text\">Mario Brunello<\/figcaption>\n\t\t\t\t\t\t\t\t\t\t<\/figure>\n\t\t\t\t\t\t\t\t\t<\/div>\n\t\t\t\t<\/div>\n\t\t\t\t\t<\/div>\n\t\t<\/div>\n\t\t\t\t<div class=\"elementor-column elementor-col-33 elementor-top-column elementor-element elementor-element-6e9e7213\" data-id=\"6e9e7213\" data-element_type=\"column\">\n\t\t\t<div class=\"elementor-widget-wrap elementor-element-populated\">\n\t\t\t\t\t\t<div class=\"elementor-element elementor-element-1b820e88 elementor-widget elementor-widget-image\" data-id=\"1b820e88\" data-element_type=\"widget\" data-widget_type=\"image.default\">\n\t\t\t\t<div class=\"elementor-widget-container\">\n\t\t\t\t\t\t\t\t\t\t\t\t<figure class=\"wp-caption\">\n\t\t\t\t\t\t\t\t\t\t<img loading=\"lazy\" decoding=\"async\" width=\"500\" height=\"666\" src=\"https:\/\/www.stresafestival.eu\/wp-content\/uploads\/2024\/02\/210827_c_L_Di_Nozzi_0060-500x666.jpg\" class=\"attachment-zermatt_image_size_small-portrait size-zermatt_image_size_small-portrait wp-image-30699\" alt=\"\" \/>\t\t\t\t\t\t\t\t\t\t\t<figcaption class=\"widget-image-caption wp-caption-text\">Mario Brunello, Filarmonica della Scala, Gianandre Noseda<\/figcaption>\n\t\t\t\t\t\t\t\t\t\t<\/figure>\n\t\t\t\t\t\t\t\t\t<\/div>\n\t\t\t\t<\/div>\n\t\t\t\t\t<\/div>\n\t\t<\/div>\n\t\t\t\t<div class=\"elementor-column elementor-col-33 elementor-top-column elementor-element elementor-element-2b255a35\" data-id=\"2b255a35\" data-element_type=\"column\">\n\t\t\t<div class=\"elementor-widget-wrap elementor-element-populated\">\n\t\t\t\t\t\t<div class=\"elementor-element elementor-element-2eec936e elementor-widget elementor-widget-image\" data-id=\"2eec936e\" data-element_type=\"widget\" data-widget_type=\"image.default\">\n\t\t\t\t<div class=\"elementor-widget-container\">\n\t\t\t\t\t\t\t\t\t\t\t\t<figure class=\"wp-caption\">\n\t\t\t\t\t\t\t\t\t\t<img loading=\"lazy\" decoding=\"async\" width=\"500\" height=\"666\" src=\"https:\/\/www.stresafestival.eu\/wp-content\/uploads\/2024\/02\/210827_c_L_Di_Nozzi_0127-500x666.jpg\" class=\"attachment-zermatt_image_size_small-portrait size-zermatt_image_size_small-portrait wp-image-30700\" alt=\"\" \/>\t\t\t\t\t\t\t\t\t\t\t<figcaption class=\"widget-image-caption wp-caption-text\">Gianandrea Noseda<\/figcaption>\n\t\t\t\t\t\t\t\t\t\t<\/figure>\n\t\t\t\t\t\t\t\t\t<\/div>\n\t\t\t\t<\/div>\n\t\t\t\t\t<\/div>\n\t\t<\/div>\n\t\t\t\t\t<\/div>\n\t\t<\/section>\n\t\t\t\t<section class=\"elementor-section elementor-top-section elementor-element elementor-element-16073bb4 elementor-section-boxed elementor-section-height-default elementor-section-height-default qodef-elementor-content-no qodef-elementor-stretch-row-no qodef-elementor-overlay-no\" data-id=\"16073bb4\" data-element_type=\"section\">\n\t\t\t\t\t\t<div class=\"elementor-container elementor-column-gap-default\">\n\t\t\t\t\t<div class=\"elementor-column elementor-col-100 elementor-top-column elementor-element elementor-element-54c10045\" data-id=\"54c10045\" data-element_type=\"column\">\n\t\t\t<div class=\"elementor-widget-wrap elementor-element-populated\">\n\t\t\t\t\t\t<div class=\"elementor-element elementor-element-3d7c41bc elementor-widget elementor-widget-image\" data-id=\"3d7c41bc\" data-element_type=\"widget\" data-widget_type=\"image.default\">\n\t\t\t\t<div class=\"elementor-widget-container\">\n\t\t\t\t\t\t\t\t\t\t\t\t<figure class=\"wp-caption\">\n\t\t\t\t\t\t\t\t\t\t<img loading=\"lazy\" decoding=\"async\" width=\"1500\" height=\"998\" src=\"https:\/\/www.stresafestival.eu\/wp-content\/uploads\/2021\/10\/210829_c_L_Di_Nozzi_0094.jpg\" class=\"attachment-1536x1536 size-1536x1536 wp-image-30975\" alt=\"\" srcset=\"https:\/\/www.stresafestival.eu\/wp-content\/uploads\/2021\/10\/210829_c_L_Di_Nozzi_0094.jpg 1500w, https:\/\/www.stresafestival.eu\/wp-content\/uploads\/2021\/10\/210829_c_L_Di_Nozzi_0094-300x200.jpg 300w, https:\/\/www.stresafestival.eu\/wp-content\/uploads\/2021\/10\/210829_c_L_Di_Nozzi_0094-1024x681.jpg 1024w, https:\/\/www.stresafestival.eu\/wp-content\/uploads\/2021\/10\/210829_c_L_Di_Nozzi_0094-768x511.jpg 768w\" sizes=\"(max-width: 1500px) 100vw, 1500px\" \/>\t\t\t\t\t\t\t\t\t\t\t<figcaption class=\"widget-image-caption wp-caption-text\">Pablo Ziegler, Mario Brunello, Orchestra Senzaspine<\/figcaption>\n\t\t\t\t\t\t\t\t\t\t<\/figure>\n\t\t\t\t\t\t\t\t\t<\/div>\n\t\t\t\t<\/div>\n\t\t\t\t\t<\/div>\n\t\t<\/div>\n\t\t\t\t\t<\/div>\n\t\t<\/section>\n\t\t\t\t<section class=\"elementor-section elementor-top-section elementor-element elementor-element-2356324f elementor-section-boxed elementor-section-height-default elementor-section-height-default qodef-elementor-content-no qodef-elementor-stretch-row-no qodef-elementor-overlay-no\" data-id=\"2356324f\" data-element_type=\"section\">\n\t\t\t\t\t\t<div class=\"elementor-container elementor-column-gap-default\">\n\t\t\t\t\t<div class=\"elementor-column elementor-col-100 elementor-top-column elementor-element elementor-element-15969def\" data-id=\"15969def\" data-element_type=\"column\">\n\t\t\t<div class=\"elementor-widget-wrap\">\n\t\t\t\t\t\t\t<\/div>\n\t\t<\/div>\n\t\t\t\t\t<\/div>\n\t\t<\/section>\n\t\t\t\t<section class=\"elementor-section elementor-top-section elementor-element elementor-element-626476bf elementor-section-boxed elementor-section-height-default elementor-section-height-default qodef-elementor-content-no qodef-elementor-stretch-row-no qodef-elementor-overlay-no\" data-id=\"626476bf\" data-element_type=\"section\">\n\t\t\t\t\t\t<div class=\"elementor-container elementor-column-gap-default\">\n\t\t\t\t\t<div class=\"elementor-column elementor-col-50 elementor-top-column elementor-element elementor-element-7047c1a5\" data-id=\"7047c1a5\" data-element_type=\"column\">\n\t\t\t<div class=\"elementor-widget-wrap elementor-element-populated\">\n\t\t\t\t\t\t<div class=\"elementor-element elementor-element-1be3895f elementor-widget elementor-widget-image\" data-id=\"1be3895f\" data-element_type=\"widget\" data-widget_type=\"image.default\">\n\t\t\t\t<div class=\"elementor-widget-container\">\n\t\t\t\t\t\t\t\t\t\t\t\t\t\t\t<img loading=\"lazy\" decoding=\"async\" width=\"1024\" height=\"683\" src=\"https:\/\/www.stresafestival.eu\/wp-content\/uploads\/2021\/10\/210830_c_Marco-Benedetto-Cerini_8Q6A7599-1024x683.jpg\" class=\"attachment-large size-large wp-image-30976\" alt=\"\" srcset=\"https:\/\/www.stresafestival.eu\/wp-content\/uploads\/2021\/10\/210830_c_Marco-Benedetto-Cerini_8Q6A7599-1024x683.jpg 1024w, https:\/\/www.stresafestival.eu\/wp-content\/uploads\/2021\/10\/210830_c_Marco-Benedetto-Cerini_8Q6A7599-300x200.jpg 300w, https:\/\/www.stresafestival.eu\/wp-content\/uploads\/2021\/10\/210830_c_Marco-Benedetto-Cerini_8Q6A7599-768x512.jpg 768w, https:\/\/www.stresafestival.eu\/wp-content\/uploads\/2021\/10\/210830_c_Marco-Benedetto-Cerini_8Q6A7599.jpg 1500w\" sizes=\"(max-width: 1024px) 100vw, 1024px\" \/>\t\t\t\t\t\t\t\t\t\t\t\t\t\t\t<\/div>\n\t\t\t\t<\/div>\n\t\t\t\t\t<\/div>\n\t\t<\/div>\n\t\t\t\t<div class=\"elementor-column elementor-col-50 elementor-top-column elementor-element elementor-element-547d029f\" data-id=\"547d029f\" data-element_type=\"column\">\n\t\t\t<div class=\"elementor-widget-wrap elementor-element-populated\">\n\t\t\t\t\t\t<div class=\"elementor-element elementor-element-22330602 elementor-widget elementor-widget-image\" data-id=\"22330602\" data-element_type=\"widget\" data-widget_type=\"image.default\">\n\t\t\t\t<div class=\"elementor-widget-container\">\n\t\t\t\t\t\t\t\t\t\t\t\t\t\t\t<img loading=\"lazy\" decoding=\"async\" width=\"1024\" height=\"683\" src=\"https:\/\/www.stresafestival.eu\/wp-content\/uploads\/2024\/02\/210830_c_Marco-Benedetto-Cerini_7K0A0204-1024x683.jpg\" class=\"attachment-large size-large wp-image-30701\" alt=\"\" srcset=\"https:\/\/www.stresafestival.eu\/wp-content\/uploads\/2024\/02\/210830_c_Marco-Benedetto-Cerini_7K0A0204-1024x683.jpg 1024w, https:\/\/www.stresafestival.eu\/wp-content\/uploads\/2024\/02\/210830_c_Marco-Benedetto-Cerini_7K0A0204-300x200.jpg 300w, https:\/\/www.stresafestival.eu\/wp-content\/uploads\/2024\/02\/210830_c_Marco-Benedetto-Cerini_7K0A0204-768x512.jpg 768w, https:\/\/www.stresafestival.eu\/wp-content\/uploads\/2024\/02\/210830_c_Marco-Benedetto-Cerini_7K0A0204-1536x1025.jpg 1536w, https:\/\/www.stresafestival.eu\/wp-content\/uploads\/2024\/02\/210830_c_Marco-Benedetto-Cerini_7K0A0204-2048x1366.jpg 2048w\" sizes=\"(max-width: 1024px) 100vw, 1024px\" \/>\t\t\t\t\t\t\t\t\t\t\t\t\t\t\t<\/div>\n\t\t\t\t<\/div>\n\t\t\t\t\t<\/div>\n\t\t<\/div>\n\t\t\t\t\t<\/div>\n\t\t<\/section>\n\t\t\t\t<section class=\"elementor-section elementor-top-section elementor-element elementor-element-1c9bd4a7 elementor-section-boxed elementor-section-height-default elementor-section-height-default qodef-elementor-content-no qodef-elementor-stretch-row-no qodef-elementor-overlay-no\" data-id=\"1c9bd4a7\" data-element_type=\"section\">\n\t\t\t\t\t\t<div class=\"elementor-container elementor-column-gap-default\">\n\t\t\t\t\t<div class=\"elementor-column elementor-col-100 elementor-top-column elementor-element elementor-element-2d6b09ad\" data-id=\"2d6b09ad\" data-element_type=\"column\">\n\t\t\t<div class=\"elementor-widget-wrap elementor-element-populated\">\n\t\t\t\t\t\t<div class=\"elementor-element elementor-element-2d502a9e elementor-widget elementor-widget-image\" data-id=\"2d502a9e\" data-element_type=\"widget\" data-widget_type=\"image.default\">\n\t\t\t\t<div class=\"elementor-widget-container\">\n\t\t\t\t\t\t\t\t\t\t\t\t<figure class=\"wp-caption\">\n\t\t\t\t\t\t\t\t\t\t<img loading=\"lazy\" decoding=\"async\" width=\"1024\" height=\"683\" src=\"https:\/\/www.stresafestival.eu\/wp-content\/uploads\/2024\/02\/stresafestival-alba_ph-Marco-Benedetto-Cerini-1-1024x683.jpg\" class=\"attachment-large size-large wp-image-30535\" alt=\"\" srcset=\"https:\/\/www.stresafestival.eu\/wp-content\/uploads\/2024\/02\/stresafestival-alba_ph-Marco-Benedetto-Cerini-1-1024x683.jpg 1024w, https:\/\/www.stresafestival.eu\/wp-content\/uploads\/2024\/02\/stresafestival-alba_ph-Marco-Benedetto-Cerini-1-300x200.jpg 300w, https:\/\/www.stresafestival.eu\/wp-content\/uploads\/2024\/02\/stresafestival-alba_ph-Marco-Benedetto-Cerini-1-768x512.jpg 768w, https:\/\/www.stresafestival.eu\/wp-content\/uploads\/2024\/02\/stresafestival-alba_ph-Marco-Benedetto-Cerini-1-1536x1024.jpg 1536w, https:\/\/www.stresafestival.eu\/wp-content\/uploads\/2024\/02\/stresafestival-alba_ph-Marco-Benedetto-Cerini-1.jpg 1920w\" sizes=\"(max-width: 1024px) 100vw, 1024px\" \/>\t\t\t\t\t\t\t\t\t\t\t<figcaption class=\"widget-image-caption wp-caption-text\">Saluto all'alba con Orchestra Senzaspine<\/figcaption>\n\t\t\t\t\t\t\t\t\t\t<\/figure>\n\t\t\t\t\t\t\t\t\t<\/div>\n\t\t\t\t<\/div>\n\t\t\t\t\t<\/div>\n\t\t<\/div>\n\t\t\t\t\t<\/div>\n\t\t<\/section>\n\t\t\t\t<section class=\"elementor-section elementor-top-section elementor-element elementor-element-215d5a11 elementor-section-boxed elementor-section-height-default elementor-section-height-default qodef-elementor-content-no qodef-elementor-stretch-row-no qodef-elementor-overlay-no\" data-id=\"215d5a11\" data-element_type=\"section\">\n\t\t\t\t\t\t<div class=\"elementor-container elementor-column-gap-default\">\n\t\t\t\t\t<div class=\"elementor-column elementor-col-33 elementor-top-column elementor-element elementor-element-4ce9673d\" data-id=\"4ce9673d\" data-element_type=\"column\">\n\t\t\t<div class=\"elementor-widget-wrap elementor-element-populated\">\n\t\t\t\t\t\t<div class=\"elementor-element elementor-element-461967bd elementor-widget elementor-widget-image\" data-id=\"461967bd\" data-element_type=\"widget\" data-widget_type=\"image.default\">\n\t\t\t\t<div class=\"elementor-widget-container\">\n\t\t\t\t\t\t\t\t\t\t\t\t\t\t\t<img loading=\"lazy\" decoding=\"async\" width=\"681\" height=\"1024\" src=\"https:\/\/www.stresafestival.eu\/wp-content\/uploads\/2024\/02\/210903_c_L_Di_Nozzi_0045-681x1024.jpg\" class=\"attachment-large size-large wp-image-30702\" alt=\"\" srcset=\"https:\/\/www.stresafestival.eu\/wp-content\/uploads\/2024\/02\/210903_c_L_Di_Nozzi_0045-681x1024.jpg 681w, https:\/\/www.stresafestival.eu\/wp-content\/uploads\/2024\/02\/210903_c_L_Di_Nozzi_0045-200x300.jpg 200w, https:\/\/www.stresafestival.eu\/wp-content\/uploads\/2024\/02\/210903_c_L_Di_Nozzi_0045-768x1154.jpg 768w, https:\/\/www.stresafestival.eu\/wp-content\/uploads\/2024\/02\/210903_c_L_Di_Nozzi_0045.jpg 998w\" sizes=\"(max-width: 681px) 100vw, 681px\" \/>\t\t\t\t\t\t\t\t\t\t\t\t\t\t\t<\/div>\n\t\t\t\t<\/div>\n\t\t\t\t\t<\/div>\n\t\t<\/div>\n\t\t\t\t<div class=\"elementor-column elementor-col-66 elementor-top-column elementor-element elementor-element-45da4024\" data-id=\"45da4024\" data-element_type=\"column\">\n\t\t\t<div class=\"elementor-widget-wrap elementor-element-populated\">\n\t\t\t\t\t\t<div class=\"elementor-element elementor-element-1fa1f56d elementor-widget elementor-widget-image\" data-id=\"1fa1f56d\" data-element_type=\"widget\" data-widget_type=\"image.default\">\n\t\t\t\t<div class=\"elementor-widget-container\">\n\t\t\t\t\t\t\t\t\t\t\t\t<figure class=\"wp-caption\">\n\t\t\t\t\t\t\t\t\t\t<img loading=\"lazy\" decoding=\"async\" width=\"1024\" height=\"681\" src=\"https:\/\/www.stresafestival.eu\/wp-content\/uploads\/2024\/02\/210903_c_L_Di_Nozzi_0086-1024x681.jpg\" class=\"attachment-large size-large wp-image-30552\" alt=\"\" srcset=\"https:\/\/www.stresafestival.eu\/wp-content\/uploads\/2024\/02\/210903_c_L_Di_Nozzi_0086-1024x681.jpg 1024w, https:\/\/www.stresafestival.eu\/wp-content\/uploads\/2024\/02\/210903_c_L_Di_Nozzi_0086-300x200.jpg 300w, https:\/\/www.stresafestival.eu\/wp-content\/uploads\/2024\/02\/210903_c_L_Di_Nozzi_0086-768x511.jpg 768w, https:\/\/www.stresafestival.eu\/wp-content\/uploads\/2024\/02\/210903_c_L_Di_Nozzi_0086.jpg 1500w\" sizes=\"(max-width: 1024px) 100vw, 1024px\" \/>\t\t\t\t\t\t\t\t\t\t\t<figcaption class=\"widget-image-caption wp-caption-text\">Stravinsky's Love con Beatrice Rana, Andrea Obiso, Massimo Spada, Sergio Bernal, Davide Dato,  Miriam Mendoza, Simone Repele, Sasha Riva<\/figcaption>\n\t\t\t\t\t\t\t\t\t\t<\/figure>\n\t\t\t\t\t\t\t\t\t<\/div>\n\t\t\t\t<\/div>\n\t\t\t\t\t<\/div>\n\t\t<\/div>\n\t\t\t\t\t<\/div>\n\t\t<\/section>\n\t\t\t\t<section class=\"elementor-section elementor-top-section elementor-element elementor-element-3a1b9e7d elementor-section-boxed elementor-section-height-default elementor-section-height-default qodef-elementor-content-no qodef-elementor-stretch-row-no qodef-elementor-overlay-no\" data-id=\"3a1b9e7d\" data-element_type=\"section\">\n\t\t\t\t\t\t<div class=\"elementor-container elementor-column-gap-default\">\n\t\t\t\t\t<div class=\"elementor-column elementor-col-100 elementor-top-column elementor-element elementor-element-2123317d\" data-id=\"2123317d\" data-element_type=\"column\">\n\t\t\t<div class=\"elementor-widget-wrap elementor-element-populated\">\n\t\t\t\t\t\t<div class=\"elementor-element elementor-element-11125ce7 elementor-widget elementor-widget-image\" data-id=\"11125ce7\" data-element_type=\"widget\" data-widget_type=\"image.default\">\n\t\t\t\t<div class=\"elementor-widget-container\">\n\t\t\t\t\t\t\t\t\t\t\t\t\t\t\t<img loading=\"lazy\" decoding=\"async\" width=\"1024\" height=\"681\" src=\"https:\/\/www.stresafestival.eu\/wp-content\/uploads\/2024\/02\/210903_c_L_Di_Nozzi_0125-1024x681.jpg\" class=\"attachment-large size-large wp-image-30703\" alt=\"\" srcset=\"https:\/\/www.stresafestival.eu\/wp-content\/uploads\/2024\/02\/210903_c_L_Di_Nozzi_0125-1024x681.jpg 1024w, https:\/\/www.stresafestival.eu\/wp-content\/uploads\/2024\/02\/210903_c_L_Di_Nozzi_0125-300x200.jpg 300w, https:\/\/www.stresafestival.eu\/wp-content\/uploads\/2024\/02\/210903_c_L_Di_Nozzi_0125-768x511.jpg 768w, https:\/\/www.stresafestival.eu\/wp-content\/uploads\/2024\/02\/210903_c_L_Di_Nozzi_0125.jpg 1500w\" sizes=\"(max-width: 1024px) 100vw, 1024px\" \/>\t\t\t\t\t\t\t\t\t\t\t\t\t\t\t<\/div>\n\t\t\t\t<\/div>\n\t\t\t\t\t<\/div>\n\t\t<\/div>\n\t\t\t\t\t<\/div>\n\t\t<\/section>\n\t\t\t\t<section class=\"elementor-section elementor-top-section elementor-element elementor-element-521516a9 elementor-section-boxed elementor-section-height-default elementor-section-height-default qodef-elementor-content-no qodef-elementor-stretch-row-no qodef-elementor-overlay-no\" data-id=\"521516a9\" data-element_type=\"section\">\n\t\t\t\t\t\t<div class=\"elementor-container elementor-column-gap-default\">\n\t\t\t\t\t<div class=\"elementor-column elementor-col-33 elementor-top-column elementor-element elementor-element-538f0323\" data-id=\"538f0323\" data-element_type=\"column\">\n\t\t\t<div class=\"elementor-widget-wrap elementor-element-populated\">\n\t\t\t\t\t\t<div class=\"elementor-element elementor-element-70d33317 elementor-widget elementor-widget-image\" data-id=\"70d33317\" data-element_type=\"widget\" data-widget_type=\"image.default\">\n\t\t\t\t<div class=\"elementor-widget-container\">\n\t\t\t\t\t\t\t\t\t\t\t\t\t\t\t<img loading=\"lazy\" decoding=\"async\" width=\"1024\" height=\"681\" src=\"https:\/\/www.stresafestival.eu\/wp-content\/uploads\/2024\/02\/210903_c_L_Di_Nozzi_0121-1024x681.jpg\" class=\"attachment-large size-large wp-image-30704\" alt=\"\" srcset=\"https:\/\/www.stresafestival.eu\/wp-content\/uploads\/2024\/02\/210903_c_L_Di_Nozzi_0121-1024x681.jpg 1024w, https:\/\/www.stresafestival.eu\/wp-content\/uploads\/2024\/02\/210903_c_L_Di_Nozzi_0121-300x200.jpg 300w, https:\/\/www.stresafestival.eu\/wp-content\/uploads\/2024\/02\/210903_c_L_Di_Nozzi_0121-768x511.jpg 768w, https:\/\/www.stresafestival.eu\/wp-content\/uploads\/2024\/02\/210903_c_L_Di_Nozzi_0121.jpg 1500w\" sizes=\"(max-width: 1024px) 100vw, 1024px\" \/>\t\t\t\t\t\t\t\t\t\t\t\t\t\t\t<\/div>\n\t\t\t\t<\/div>\n\t\t\t\t\t<\/div>\n\t\t<\/div>\n\t\t\t\t<div class=\"elementor-column elementor-col-33 elementor-top-column elementor-element elementor-element-17c6c8df\" data-id=\"17c6c8df\" data-element_type=\"column\">\n\t\t\t<div class=\"elementor-widget-wrap elementor-element-populated\">\n\t\t\t\t\t\t<div class=\"elementor-element elementor-element-511d0dd8 elementor-widget elementor-widget-image\" data-id=\"511d0dd8\" data-element_type=\"widget\" data-widget_type=\"image.default\">\n\t\t\t\t<div class=\"elementor-widget-container\">\n\t\t\t\t\t\t\t\t\t\t\t\t\t\t\t<img loading=\"lazy\" decoding=\"async\" width=\"1500\" height=\"844\" src=\"https:\/\/www.stresafestival.eu\/wp-content\/uploads\/2024\/02\/210903_c_L_Di_Nozzi_0014.jpg\" class=\"attachment-full size-full wp-image-30705\" alt=\"\" srcset=\"https:\/\/www.stresafestival.eu\/wp-content\/uploads\/2024\/02\/210903_c_L_Di_Nozzi_0014.jpg 1500w, https:\/\/www.stresafestival.eu\/wp-content\/uploads\/2024\/02\/210903_c_L_Di_Nozzi_0014-300x169.jpg 300w, https:\/\/www.stresafestival.eu\/wp-content\/uploads\/2024\/02\/210903_c_L_Di_Nozzi_0014-1024x576.jpg 1024w, https:\/\/www.stresafestival.eu\/wp-content\/uploads\/2024\/02\/210903_c_L_Di_Nozzi_0014-768x432.jpg 768w\" sizes=\"(max-width: 1500px) 100vw, 1500px\" \/>\t\t\t\t\t\t\t\t\t\t\t\t\t\t\t<\/div>\n\t\t\t\t<\/div>\n\t\t\t\t\t<\/div>\n\t\t<\/div>\n\t\t\t\t<div class=\"elementor-column elementor-col-33 elementor-top-column elementor-element elementor-element-53ec095a\" data-id=\"53ec095a\" data-element_type=\"column\">\n\t\t\t<div class=\"elementor-widget-wrap elementor-element-populated\">\n\t\t\t\t\t\t<div class=\"elementor-element elementor-element-4d6d6ddd elementor-widget elementor-widget-image\" data-id=\"4d6d6ddd\" data-element_type=\"widget\" data-widget_type=\"image.default\">\n\t\t\t\t<div class=\"elementor-widget-container\">\n\t\t\t\t\t\t\t\t\t\t\t\t\t\t\t<img loading=\"lazy\" decoding=\"async\" width=\"1024\" height=\"681\" src=\"https:\/\/www.stresafestival.eu\/wp-content\/uploads\/2024\/02\/210903_c_L_Di_Nozzi_0033-1024x681.jpg\" class=\"attachment-large size-large wp-image-30706\" alt=\"\" srcset=\"https:\/\/www.stresafestival.eu\/wp-content\/uploads\/2024\/02\/210903_c_L_Di_Nozzi_0033-1024x681.jpg 1024w, https:\/\/www.stresafestival.eu\/wp-content\/uploads\/2024\/02\/210903_c_L_Di_Nozzi_0033-300x200.jpg 300w, https:\/\/www.stresafestival.eu\/wp-content\/uploads\/2024\/02\/210903_c_L_Di_Nozzi_0033-768x511.jpg 768w, https:\/\/www.stresafestival.eu\/wp-content\/uploads\/2024\/02\/210903_c_L_Di_Nozzi_0033.jpg 1500w\" sizes=\"(max-width: 1024px) 100vw, 1024px\" \/>\t\t\t\t\t\t\t\t\t\t\t\t\t\t\t<\/div>\n\t\t\t\t<\/div>\n\t\t\t\t\t<\/div>\n\t\t<\/div>\n\t\t\t\t\t<\/div>\n\t\t<\/section>\n\t\t\t\t<section class=\"elementor-section elementor-top-section elementor-element elementor-element-7d9be766 elementor-section-boxed elementor-section-height-default elementor-section-height-default qodef-elementor-content-no qodef-elementor-stretch-row-no qodef-elementor-overlay-no\" data-id=\"7d9be766\" data-element_type=\"section\">\n\t\t\t\t\t\t<div class=\"elementor-container elementor-column-gap-default\">\n\t\t\t\t\t<div class=\"elementor-column elementor-col-50 elementor-top-column elementor-element elementor-element-75e0e47a\" data-id=\"75e0e47a\" data-element_type=\"column\">\n\t\t\t<div class=\"elementor-widget-wrap elementor-element-populated\">\n\t\t\t\t\t\t<div class=\"elementor-element elementor-element-5d8901a3 elementor-widget elementor-widget-image\" data-id=\"5d8901a3\" data-element_type=\"widget\" data-widget_type=\"image.default\">\n\t\t\t\t<div class=\"elementor-widget-container\">\n\t\t\t\t\t\t\t\t\t\t\t\t\t\t\t<img loading=\"lazy\" decoding=\"async\" width=\"1024\" height=\"681\" src=\"https:\/\/www.stresafestival.eu\/wp-content\/uploads\/2024\/02\/210904_c_L_Di_Nozzi_0026-2-1024x681.jpg\" class=\"attachment-large size-large wp-image-30707\" alt=\"\" srcset=\"https:\/\/www.stresafestival.eu\/wp-content\/uploads\/2024\/02\/210904_c_L_Di_Nozzi_0026-2-1024x681.jpg 1024w, https:\/\/www.stresafestival.eu\/wp-content\/uploads\/2024\/02\/210904_c_L_Di_Nozzi_0026-2-300x200.jpg 300w, https:\/\/www.stresafestival.eu\/wp-content\/uploads\/2024\/02\/210904_c_L_Di_Nozzi_0026-2-768x511.jpg 768w, https:\/\/www.stresafestival.eu\/wp-content\/uploads\/2024\/02\/210904_c_L_Di_Nozzi_0026-2.jpg 1500w\" sizes=\"(max-width: 1024px) 100vw, 1024px\" \/>\t\t\t\t\t\t\t\t\t\t\t\t\t\t\t<\/div>\n\t\t\t\t<\/div>\n\t\t\t\t\t<\/div>\n\t\t<\/div>\n\t\t\t\t<div class=\"elementor-column elementor-col-50 elementor-top-column elementor-element elementor-element-b384d3b\" data-id=\"b384d3b\" data-element_type=\"column\">\n\t\t\t<div class=\"elementor-widget-wrap elementor-element-populated\">\n\t\t\t\t\t\t<div class=\"elementor-element elementor-element-1d111ecc elementor-widget elementor-widget-image\" data-id=\"1d111ecc\" data-element_type=\"widget\" data-widget_type=\"image.default\">\n\t\t\t\t<div class=\"elementor-widget-container\">\n\t\t\t\t\t\t\t\t\t\t\t\t<figure class=\"wp-caption\">\n\t\t\t\t\t\t\t\t\t\t<img loading=\"lazy\" decoding=\"async\" width=\"1024\" height=\"576\" src=\"https:\/\/www.stresafestival.eu\/wp-content\/uploads\/2024\/02\/210904_c_L_Di_Nozzi_0152-1024x576.jpg\" class=\"attachment-large size-large wp-image-30708\" alt=\"\" srcset=\"https:\/\/www.stresafestival.eu\/wp-content\/uploads\/2024\/02\/210904_c_L_Di_Nozzi_0152-1024x576.jpg 1024w, https:\/\/www.stresafestival.eu\/wp-content\/uploads\/2024\/02\/210904_c_L_Di_Nozzi_0152-300x169.jpg 300w, https:\/\/www.stresafestival.eu\/wp-content\/uploads\/2024\/02\/210904_c_L_Di_Nozzi_0152-768x432.jpg 768w, https:\/\/www.stresafestival.eu\/wp-content\/uploads\/2024\/02\/210904_c_L_Di_Nozzi_0152.jpg 1500w\" sizes=\"(max-width: 1024px) 100vw, 1024px\" \/>\t\t\t\t\t\t\t\t\t\t\t<figcaption class=\"widget-image-caption wp-caption-text\">Alexis Cardenas Quartet alla Herno<\/figcaption>\n\t\t\t\t\t\t\t\t\t\t<\/figure>\n\t\t\t\t\t\t\t\t\t<\/div>\n\t\t\t\t<\/div>\n\t\t\t\t\t<\/div>\n\t\t<\/div>\n\t\t\t\t\t<\/div>\n\t\t<\/section>\n\t\t\t\t<section class=\"elementor-section elementor-top-section elementor-element elementor-element-76aad67c elementor-section-boxed elementor-section-height-default elementor-section-height-default qodef-elementor-content-no qodef-elementor-stretch-row-no qodef-elementor-overlay-no\" data-id=\"76aad67c\" data-element_type=\"section\">\n\t\t\t\t\t\t<div class=\"elementor-container elementor-column-gap-default\">\n\t\t\t\t\t<div class=\"elementor-column elementor-col-100 elementor-top-column elementor-element elementor-element-316e070d\" data-id=\"316e070d\" data-element_type=\"column\">\n\t\t\t<div class=\"elementor-widget-wrap elementor-element-populated\">\n\t\t\t\t\t\t<div class=\"elementor-element elementor-element-61d14462 elementor-widget elementor-widget-image\" data-id=\"61d14462\" data-element_type=\"widget\" data-widget_type=\"image.default\">\n\t\t\t\t<div class=\"elementor-widget-container\">\n\t\t\t\t\t\t\t\t\t\t\t\t<figure class=\"wp-caption\">\n\t\t\t\t\t\t\t\t\t\t<img loading=\"lazy\" decoding=\"async\" width=\"1024\" height=\"681\" src=\"https:\/\/www.stresafestival.eu\/wp-content\/uploads\/2021\/10\/210905_c_L_Di_Nozzi_0121-1024x681.jpg\" class=\"attachment-large size-large wp-image-30977\" alt=\"\" srcset=\"https:\/\/www.stresafestival.eu\/wp-content\/uploads\/2021\/10\/210905_c_L_Di_Nozzi_0121-1024x681.jpg 1024w, https:\/\/www.stresafestival.eu\/wp-content\/uploads\/2021\/10\/210905_c_L_Di_Nozzi_0121-300x200.jpg 300w, https:\/\/www.stresafestival.eu\/wp-content\/uploads\/2021\/10\/210905_c_L_Di_Nozzi_0121-768x511.jpg 768w, https:\/\/www.stresafestival.eu\/wp-content\/uploads\/2021\/10\/210905_c_L_Di_Nozzi_0121.jpg 1500w\" sizes=\"(max-width: 1024px) 100vw, 1024px\" \/>\t\t\t\t\t\t\t\t\t\t\t<figcaption class=\"widget-image-caption wp-caption-text\">Orchestra dell'Accademia Nazionale di Santa Cecilia, Daniele Gatti<\/figcaption>\n\t\t\t\t\t\t\t\t\t\t<\/figure>\n\t\t\t\t\t\t\t\t\t<\/div>\n\t\t\t\t<\/div>\n\t\t\t\t\t<\/div>\n\t\t<\/div>\n\t\t\t\t\t<\/div>\n\t\t<\/section>\n\t\t\t\t<\/div>\n\t\t","protected":false},"excerpt":{"rendered":"<p>Come un bosco, il Festival respira e regala aria buona. Come un bosco, il Festival cresce trasformandosi di anno in anno. Come un bosco, il Festival invita alla scoperta delle sue ricchezze, antiche e nuove. Mario Brunello, direttore artistico Stresa Festival: la musica sul Lago Maggiore \u00e8 green.La 60ma edizione dal 15 al 24 luglio [&hellip;]<\/p>\n","protected":false},"author":1,"featured_media":30965,"comment_status":"closed","ping_status":"closed","sticky":false,"template":"","format":"standard","meta":{"footnotes":""},"categories":[149,142],"tags":[196,214,198],"class_list":["post-34058","post","type-post","status-publish","format-standard","has-post-thumbnail","hentry","category-eventi-en","category-news-en","tag-lago-maggiore-en","tag-mario-brunello-en","tag-stresa-festival-en"],"yoast_head":"<!-- This site is optimized with the Yoast SEO plugin v27.5 - https:\/\/yoast.com\/product\/yoast-seo-wordpress\/ -->\n<title>2021: the best of! - Stresa Festival Classica &amp; Jazz Lago Maggiore<\/title>\n<meta name=\"robots\" content=\"index, follow, max-snippet:-1, max-image-preview:large, max-video-preview:-1\" \/>\n<link rel=\"canonical\" href=\"https:\/\/www.stresafestival.eu\/en\/2021-the-best-of\/\" \/>\n<meta property=\"og:locale\" content=\"en_US\" \/>\n<meta property=\"og:type\" content=\"article\" \/>\n<meta property=\"og:title\" content=\"2021: the best of! - Stresa Festival Classica &amp; Jazz Lago Maggiore\" \/>\n<meta property=\"og:description\" content=\"Come un bosco, il Festival respira e regala aria buona. Come un bosco, il Festival cresce trasformandosi di anno in anno. Come un bosco, il Festival invita alla scoperta delle sue ricchezze, antiche e nuove. Mario Brunello, direttore artistico Stresa Festival: la musica sul Lago Maggiore \u00e8 green.La 60ma edizione dal 15 al 24 luglio [&hellip;]\" \/>\n<meta property=\"og:url\" content=\"https:\/\/www.stresafestival.eu\/en\/2021-the-best-of\/\" \/>\n<meta property=\"og:site_name\" content=\"Stresa Festival Classica &amp; Jazz Lago Maggiore\" \/>\n<meta property=\"article:published_time\" content=\"2021-10-01T12:37:27+00:00\" \/>\n<meta property=\"article:modified_time\" content=\"2024-04-10T06:26:04+00:00\" \/>\n<meta property=\"og:image\" content=\"https:\/\/www.stresafestival.eu\/wp-content\/uploads\/2021\/10\/palco-catapulta_c_L_Di_Nozzi.jpg\" \/>\n\t<meta property=\"og:image:width\" content=\"1500\" \/>\n\t<meta property=\"og:image:height\" content=\"998\" \/>\n\t<meta property=\"og:image:type\" content=\"image\/jpeg\" \/>\n<meta name=\"author\" content=\"Stresa Festival\" \/>\n<meta name=\"twitter:card\" content=\"summary_large_image\" \/>\n<meta name=\"twitter:label1\" content=\"Written by\" \/>\n\t<meta name=\"twitter:data1\" content=\"Stresa Festival\" \/>\n\t<meta name=\"twitter:label2\" content=\"Est. reading time\" \/>\n\t<meta name=\"twitter:data2\" content=\"9 minutes\" \/>\n<script type=\"application\/ld+json\" class=\"yoast-schema-graph\">{\"@context\":\"https:\\\/\\\/schema.org\",\"@graph\":[{\"@type\":\"Article\",\"@id\":\"https:\\\/\\\/www.stresafestival.eu\\\/en\\\/2021-the-best-of\\\/#article\",\"isPartOf\":{\"@id\":\"https:\\\/\\\/www.stresafestival.eu\\\/en\\\/2021-the-best-of\\\/\"},\"author\":{\"name\":\"Stresa Festival\",\"@id\":\"https:\\\/\\\/www.stresafestival.eu\\\/en\\\/#\\\/schema\\\/person\\\/b9cf48d830f1444cdba67015e0fe548c\"},\"headline\":\"2021: the best of!\",\"datePublished\":\"2021-10-01T12:37:27+00:00\",\"dateModified\":\"2024-04-10T06:26:04+00:00\",\"mainEntityOfPage\":{\"@id\":\"https:\\\/\\\/www.stresafestival.eu\\\/en\\\/2021-the-best-of\\\/\"},\"wordCount\":546,\"image\":{\"@id\":\"https:\\\/\\\/www.stresafestival.eu\\\/en\\\/2021-the-best-of\\\/#primaryimage\"},\"thumbnailUrl\":\"https:\\\/\\\/www.stresafestival.eu\\\/wp-content\\\/uploads\\\/2021\\\/10\\\/palco-catapulta_c_L_Di_Nozzi.jpg\",\"keywords\":[\"Lago Maggiore\",\"Mario Brunello\",\"Stresa Festival\"],\"articleSection\":[\"Events\",\"News\"],\"inLanguage\":\"en-US\"},{\"@type\":\"WebPage\",\"@id\":\"https:\\\/\\\/www.stresafestival.eu\\\/en\\\/2021-the-best-of\\\/\",\"url\":\"https:\\\/\\\/www.stresafestival.eu\\\/en\\\/2021-the-best-of\\\/\",\"name\":\"2021: the best of! - Stresa Festival Classica &amp; Jazz Lago Maggiore\",\"isPartOf\":{\"@id\":\"https:\\\/\\\/www.stresafestival.eu\\\/en\\\/#website\"},\"primaryImageOfPage\":{\"@id\":\"https:\\\/\\\/www.stresafestival.eu\\\/en\\\/2021-the-best-of\\\/#primaryimage\"},\"image\":{\"@id\":\"https:\\\/\\\/www.stresafestival.eu\\\/en\\\/2021-the-best-of\\\/#primaryimage\"},\"thumbnailUrl\":\"https:\\\/\\\/www.stresafestival.eu\\\/wp-content\\\/uploads\\\/2021\\\/10\\\/palco-catapulta_c_L_Di_Nozzi.jpg\",\"datePublished\":\"2021-10-01T12:37:27+00:00\",\"dateModified\":\"2024-04-10T06:26:04+00:00\",\"author\":{\"@id\":\"https:\\\/\\\/www.stresafestival.eu\\\/en\\\/#\\\/schema\\\/person\\\/b9cf48d830f1444cdba67015e0fe548c\"},\"breadcrumb\":{\"@id\":\"https:\\\/\\\/www.stresafestival.eu\\\/en\\\/2021-the-best-of\\\/#breadcrumb\"},\"inLanguage\":\"en-US\",\"potentialAction\":[{\"@type\":\"ReadAction\",\"target\":[\"https:\\\/\\\/www.stresafestival.eu\\\/en\\\/2021-the-best-of\\\/\"]}]},{\"@type\":\"ImageObject\",\"inLanguage\":\"en-US\",\"@id\":\"https:\\\/\\\/www.stresafestival.eu\\\/en\\\/2021-the-best-of\\\/#primaryimage\",\"url\":\"https:\\\/\\\/www.stresafestival.eu\\\/wp-content\\\/uploads\\\/2021\\\/10\\\/palco-catapulta_c_L_Di_Nozzi.jpg\",\"contentUrl\":\"https:\\\/\\\/www.stresafestival.eu\\\/wp-content\\\/uploads\\\/2021\\\/10\\\/palco-catapulta_c_L_Di_Nozzi.jpg\",\"width\":1500,\"height\":998},{\"@type\":\"BreadcrumbList\",\"@id\":\"https:\\\/\\\/www.stresafestival.eu\\\/en\\\/2021-the-best-of\\\/#breadcrumb\",\"itemListElement\":[{\"@type\":\"ListItem\",\"position\":1,\"name\":\"Home\",\"item\":\"https:\\\/\\\/www.stresafestival.eu\\\/en\\\/\"},{\"@type\":\"ListItem\",\"position\":2,\"name\":\"2021: the best of!\"}]},{\"@type\":\"WebSite\",\"@id\":\"https:\\\/\\\/www.stresafestival.eu\\\/en\\\/#website\",\"url\":\"https:\\\/\\\/www.stresafestival.eu\\\/en\\\/\",\"name\":\"Stresa Festival Classica &amp; Jazz Lago Maggiore\",\"description\":\"Festival di Musica Classica &amp; Jazz a Stresa sul Lago Maggiore\",\"potentialAction\":[{\"@type\":\"SearchAction\",\"target\":{\"@type\":\"EntryPoint\",\"urlTemplate\":\"https:\\\/\\\/www.stresafestival.eu\\\/en\\\/?s={search_term_string}\"},\"query-input\":{\"@type\":\"PropertyValueSpecification\",\"valueRequired\":true,\"valueName\":\"search_term_string\"}}],\"inLanguage\":\"en-US\"},{\"@type\":\"Person\",\"@id\":\"https:\\\/\\\/www.stresafestival.eu\\\/en\\\/#\\\/schema\\\/person\\\/b9cf48d830f1444cdba67015e0fe548c\",\"name\":\"Stresa Festival\",\"image\":{\"@type\":\"ImageObject\",\"inLanguage\":\"en-US\",\"@id\":\"https:\\\/\\\/secure.gravatar.com\\\/avatar\\\/30771ba39916f9812d6865771807f07addc0cde569f2777e81232bbe78a602b2?s=96&d=mm&r=g\",\"url\":\"https:\\\/\\\/secure.gravatar.com\\\/avatar\\\/30771ba39916f9812d6865771807f07addc0cde569f2777e81232bbe78a602b2?s=96&d=mm&r=g\",\"contentUrl\":\"https:\\\/\\\/secure.gravatar.com\\\/avatar\\\/30771ba39916f9812d6865771807f07addc0cde569f2777e81232bbe78a602b2?s=96&d=mm&r=g\",\"caption\":\"Stresa Festival\"},\"sameAs\":[\"https:\\\/\\\/stresafestival.jamarea.com\"],\"url\":\"https:\\\/\\\/www.stresafestival.eu\\\/en\\\/author\\\/stresajam\\\/\"}]}<\/script>\n<!-- \/ Yoast SEO plugin. -->","yoast_head_json":{"title":"2021: the best of! - Stresa Festival Classica &amp; Jazz Lago Maggiore","robots":{"index":"index","follow":"follow","max-snippet":"max-snippet:-1","max-image-preview":"max-image-preview:large","max-video-preview":"max-video-preview:-1"},"canonical":"https:\/\/www.stresafestival.eu\/en\/2021-the-best-of\/","og_locale":"en_US","og_type":"article","og_title":"2021: the best of! - Stresa Festival Classica &amp; Jazz Lago Maggiore","og_description":"Come un bosco, il Festival respira e regala aria buona. Come un bosco, il Festival cresce trasformandosi di anno in anno. Come un bosco, il Festival invita alla scoperta delle sue ricchezze, antiche e nuove. Mario Brunello, direttore artistico Stresa Festival: la musica sul Lago Maggiore \u00e8 green.La 60ma edizione dal 15 al 24 luglio [&hellip;]","og_url":"https:\/\/www.stresafestival.eu\/en\/2021-the-best-of\/","og_site_name":"Stresa Festival Classica &amp; Jazz Lago Maggiore","article_published_time":"2021-10-01T12:37:27+00:00","article_modified_time":"2024-04-10T06:26:04+00:00","og_image":[{"width":1500,"height":998,"url":"https:\/\/www.stresafestival.eu\/wp-content\/uploads\/2021\/10\/palco-catapulta_c_L_Di_Nozzi.jpg","type":"image\/jpeg"}],"author":"Stresa Festival","twitter_card":"summary_large_image","twitter_misc":{"Written by":"Stresa Festival","Est. reading time":"9 minutes"},"schema":{"@context":"https:\/\/schema.org","@graph":[{"@type":"Article","@id":"https:\/\/www.stresafestival.eu\/en\/2021-the-best-of\/#article","isPartOf":{"@id":"https:\/\/www.stresafestival.eu\/en\/2021-the-best-of\/"},"author":{"name":"Stresa Festival","@id":"https:\/\/www.stresafestival.eu\/en\/#\/schema\/person\/b9cf48d830f1444cdba67015e0fe548c"},"headline":"2021: the best of!","datePublished":"2021-10-01T12:37:27+00:00","dateModified":"2024-04-10T06:26:04+00:00","mainEntityOfPage":{"@id":"https:\/\/www.stresafestival.eu\/en\/2021-the-best-of\/"},"wordCount":546,"image":{"@id":"https:\/\/www.stresafestival.eu\/en\/2021-the-best-of\/#primaryimage"},"thumbnailUrl":"https:\/\/www.stresafestival.eu\/wp-content\/uploads\/2021\/10\/palco-catapulta_c_L_Di_Nozzi.jpg","keywords":["Lago Maggiore","Mario Brunello","Stresa Festival"],"articleSection":["Events","News"],"inLanguage":"en-US"},{"@type":"WebPage","@id":"https:\/\/www.stresafestival.eu\/en\/2021-the-best-of\/","url":"https:\/\/www.stresafestival.eu\/en\/2021-the-best-of\/","name":"2021: the best of! - Stresa Festival Classica &amp; Jazz Lago Maggiore","isPartOf":{"@id":"https:\/\/www.stresafestival.eu\/en\/#website"},"primaryImageOfPage":{"@id":"https:\/\/www.stresafestival.eu\/en\/2021-the-best-of\/#primaryimage"},"image":{"@id":"https:\/\/www.stresafestival.eu\/en\/2021-the-best-of\/#primaryimage"},"thumbnailUrl":"https:\/\/www.stresafestival.eu\/wp-content\/uploads\/2021\/10\/palco-catapulta_c_L_Di_Nozzi.jpg","datePublished":"2021-10-01T12:37:27+00:00","dateModified":"2024-04-10T06:26:04+00:00","author":{"@id":"https:\/\/www.stresafestival.eu\/en\/#\/schema\/person\/b9cf48d830f1444cdba67015e0fe548c"},"breadcrumb":{"@id":"https:\/\/www.stresafestival.eu\/en\/2021-the-best-of\/#breadcrumb"},"inLanguage":"en-US","potentialAction":[{"@type":"ReadAction","target":["https:\/\/www.stresafestival.eu\/en\/2021-the-best-of\/"]}]},{"@type":"ImageObject","inLanguage":"en-US","@id":"https:\/\/www.stresafestival.eu\/en\/2021-the-best-of\/#primaryimage","url":"https:\/\/www.stresafestival.eu\/wp-content\/uploads\/2021\/10\/palco-catapulta_c_L_Di_Nozzi.jpg","contentUrl":"https:\/\/www.stresafestival.eu\/wp-content\/uploads\/2021\/10\/palco-catapulta_c_L_Di_Nozzi.jpg","width":1500,"height":998},{"@type":"BreadcrumbList","@id":"https:\/\/www.stresafestival.eu\/en\/2021-the-best-of\/#breadcrumb","itemListElement":[{"@type":"ListItem","position":1,"name":"Home","item":"https:\/\/www.stresafestival.eu\/en\/"},{"@type":"ListItem","position":2,"name":"2021: the best of!"}]},{"@type":"WebSite","@id":"https:\/\/www.stresafestival.eu\/en\/#website","url":"https:\/\/www.stresafestival.eu\/en\/","name":"Stresa Festival Classica &amp; Jazz Lago Maggiore","description":"Festival di Musica Classica &amp; Jazz a Stresa sul Lago Maggiore","potentialAction":[{"@type":"SearchAction","target":{"@type":"EntryPoint","urlTemplate":"https:\/\/www.stresafestival.eu\/en\/?s={search_term_string}"},"query-input":{"@type":"PropertyValueSpecification","valueRequired":true,"valueName":"search_term_string"}}],"inLanguage":"en-US"},{"@type":"Person","@id":"https:\/\/www.stresafestival.eu\/en\/#\/schema\/person\/b9cf48d830f1444cdba67015e0fe548c","name":"Stresa Festival","image":{"@type":"ImageObject","inLanguage":"en-US","@id":"https:\/\/secure.gravatar.com\/avatar\/30771ba39916f9812d6865771807f07addc0cde569f2777e81232bbe78a602b2?s=96&d=mm&r=g","url":"https:\/\/secure.gravatar.com\/avatar\/30771ba39916f9812d6865771807f07addc0cde569f2777e81232bbe78a602b2?s=96&d=mm&r=g","contentUrl":"https:\/\/secure.gravatar.com\/avatar\/30771ba39916f9812d6865771807f07addc0cde569f2777e81232bbe78a602b2?s=96&d=mm&r=g","caption":"Stresa Festival"},"sameAs":["https:\/\/stresafestival.jamarea.com"],"url":"https:\/\/www.stresafestival.eu\/en\/author\/stresajam\/"}]}},"_links":{"self":[{"href":"https:\/\/www.stresafestival.eu\/en\/wp-json\/wp\/v2\/posts\/34058","targetHints":{"allow":["GET"]}}],"collection":[{"href":"https:\/\/www.stresafestival.eu\/en\/wp-json\/wp\/v2\/posts"}],"about":[{"href":"https:\/\/www.stresafestival.eu\/en\/wp-json\/wp\/v2\/types\/post"}],"author":[{"embeddable":true,"href":"https:\/\/www.stresafestival.eu\/en\/wp-json\/wp\/v2\/users\/1"}],"replies":[{"embeddable":true,"href":"https:\/\/www.stresafestival.eu\/en\/wp-json\/wp\/v2\/comments?post=34058"}],"version-history":[{"count":1,"href":"https:\/\/www.stresafestival.eu\/en\/wp-json\/wp\/v2\/posts\/34058\/revisions"}],"predecessor-version":[{"id":34270,"href":"https:\/\/www.stresafestival.eu\/en\/wp-json\/wp\/v2\/posts\/34058\/revisions\/34270"}],"wp:featuredmedia":[{"embeddable":true,"href":"https:\/\/www.stresafestival.eu\/en\/wp-json\/wp\/v2\/media\/30965"}],"wp:attachment":[{"href":"https:\/\/www.stresafestival.eu\/en\/wp-json\/wp\/v2\/media?parent=34058"}],"wp:term":[{"taxonomy":"category","embeddable":true,"href":"https:\/\/www.stresafestival.eu\/en\/wp-json\/wp\/v2\/categories?post=34058"},{"taxonomy":"post_tag","embeddable":true,"href":"https:\/\/www.stresafestival.eu\/en\/wp-json\/wp\/v2\/tags?post=34058"}],"curies":[{"name":"wp","href":"https:\/\/api.w.org\/{rel}","templated":true}]}}