{"id":36178,"date":"2024-05-07T10:00:25","date_gmt":"2024-05-07T08:00:25","guid":{"rendered":"https:\/\/www.stresafestival.eu\/?p=36178"},"modified":"2024-07-16T14:19:05","modified_gmt":"2024-07-16T12:19:05","slug":"isola-jazz-free-music","status":"publish","type":"post","link":"https:\/\/www.stresafestival.eu\/en\/isola-jazz-free-music\/","title":{"rendered":"Isola Jazz, free music."},"content":{"rendered":"\t\t<div data-elementor-type=\"wp-post\" data-elementor-id=\"36178\" class=\"elementor elementor-36178 elementor-36121\" data-elementor-post-type=\"post\">\n\t\t\t\t\t\t<section class=\"elementor-section elementor-top-section elementor-element elementor-element-223a6248 elementor-section-boxed elementor-section-height-default elementor-section-height-default qodef-elementor-content-no qodef-elementor-stretch-row-no qodef-elementor-overlay-no\" data-id=\"223a6248\" data-element_type=\"section\">\n\t\t\t\t\t\t<div class=\"elementor-container elementor-column-gap-default\">\n\t\t\t\t\t<div class=\"elementor-column elementor-col-100 elementor-top-column elementor-element elementor-element-15868ad6\" data-id=\"15868ad6\" data-element_type=\"column\">\n\t\t\t<div class=\"elementor-widget-wrap elementor-element-populated\">\n\t\t\t\t\t\t<div class=\"elementor-element elementor-element-5badd37e elementor-widget-divider--view-line elementor-widget elementor-widget-divider\" data-id=\"5badd37e\" data-element_type=\"widget\" data-widget_type=\"divider.default\">\n\t\t\t\t<div class=\"elementor-widget-container\">\n\t\t\t\t\t\t\t<div class=\"elementor-divider\">\n\t\t\t<span class=\"elementor-divider-separator\">\n\t\t\t\t\t\t<\/span>\n\t\t<\/div>\n\t\t\t\t\t\t<\/div>\n\t\t\t\t<\/div>\n\t\t\t\t<div class=\"elementor-element elementor-element-2f5f6197 elementor-widget elementor-widget-text-editor\" data-id=\"2f5f6197\" data-element_type=\"widget\" data-widget_type=\"text-editor.default\">\n\t\t\t\t<div class=\"elementor-widget-container\">\n\t\t\t\t\t\t\t\t\t<h5>Uno spazio \u201caltro\u201d per ospitare la musica jazz e la musica libera, che va a toccare tante discipline e forme d\u2019arte e suoni.<br \/>Egberto Gismonti \u00e8 un\u2019icona di questa tradizione, che esprime pienamente il senso della musica libera e improvvisata.<\/h5>\n\t\t\t\t\t\t\t\t<\/div>\n\t\t\t\t<\/div>\n\t\t\t\t<div class=\"elementor-element elementor-element-7cd3ea87 elementor-widget-divider--view-line elementor-widget elementor-widget-divider\" data-id=\"7cd3ea87\" data-element_type=\"widget\" data-widget_type=\"divider.default\">\n\t\t\t\t<div class=\"elementor-widget-container\">\n\t\t\t\t\t\t\t<div class=\"elementor-divider\">\n\t\t\t<span class=\"elementor-divider-separator\">\n\t\t\t\t\t\t<\/span>\n\t\t<\/div>\n\t\t\t\t\t\t<\/div>\n\t\t\t\t<\/div>\n\t\t\t\t\t<\/div>\n\t\t<\/div>\n\t\t\t\t\t<\/div>\n\t\t<\/section>\n\t\t\t\t<section class=\"elementor-section elementor-top-section elementor-element elementor-element-604f2809 elementor-section-full_width elementor-section-height-default elementor-section-height-default qodef-elementor-content-no qodef-elementor-stretch-row-no qodef-elementor-overlay-no\" data-id=\"604f2809\" data-element_type=\"section\">\n\t\t\t\t\t\t<div class=\"elementor-container elementor-column-gap-default\">\n\t\t\t\t\t<div class=\"elementor-column elementor-col-100 elementor-top-column elementor-element elementor-element-693f97c1\" data-id=\"693f97c1\" data-element_type=\"column\">\n\t\t\t<div class=\"elementor-widget-wrap elementor-element-populated\">\n\t\t\t\t\t\t<section class=\"elementor-section elementor-inner-section elementor-element elementor-element-50c97d73 elementor-section-boxed elementor-section-height-default elementor-section-height-default qodef-elementor-content-no qodef-elementor-stretch-row-no qodef-elementor-overlay-no\" data-id=\"50c97d73\" data-element_type=\"section\">\n\t\t\t\t\t\t<div class=\"elementor-container elementor-column-gap-default\">\n\t\t\t\t\t<div class=\"elementor-column elementor-col-100 elementor-inner-column elementor-element elementor-element-cd56bf2\" data-id=\"cd56bf2\" data-element_type=\"column\">\n\t\t\t<div class=\"elementor-widget-wrap elementor-element-populated\">\n\t\t\t\t\t\t<div class=\"elementor-element elementor-element-590595d elementor-widget elementor-widget-image\" data-id=\"590595d\" data-element_type=\"widget\" data-widget_type=\"image.default\">\n\t\t\t\t<div class=\"elementor-widget-container\">\n\t\t\t\t\t\t\t\t\t\t\t\t\t\t\t<img fetchpriority=\"high\" decoding=\"async\" width=\"1500\" height=\"998\" src=\"https:\/\/www.stresafestival.eu\/wp-content\/uploads\/2024\/02\/230719_c_L_Di_Nozzi_0116.jpg\" class=\"attachment-full size-full wp-image-35588\" alt=\"\" srcset=\"https:\/\/www.stresafestival.eu\/wp-content\/uploads\/2024\/02\/230719_c_L_Di_Nozzi_0116.jpg 1500w, https:\/\/www.stresafestival.eu\/wp-content\/uploads\/2024\/02\/230719_c_L_Di_Nozzi_0116-300x200.jpg 300w, https:\/\/www.stresafestival.eu\/wp-content\/uploads\/2024\/02\/230719_c_L_Di_Nozzi_0116-1024x681.jpg 1024w, https:\/\/www.stresafestival.eu\/wp-content\/uploads\/2024\/02\/230719_c_L_Di_Nozzi_0116-768x511.jpg 768w\" sizes=\"(max-width: 1500px) 100vw, 1500px\" \/>\t\t\t\t\t\t\t\t\t\t\t\t\t\t\t<\/div>\n\t\t\t\t<\/div>\n\t\t\t\t<div class=\"elementor-element elementor-element-77799cf5 elementor-widget elementor-widget-text-editor\" data-id=\"77799cf5\" data-element_type=\"widget\" data-widget_type=\"text-editor.default\">\n\t\t\t\t<div class=\"elementor-widget-container\">\n\t\t\t\t\t\t\t\t\t<p>\u00c8 questa la prima isola che incontriamo nel nostro arcipelago musicale e che si connota come un omaggio alla musica libera: l\u2019<em>Isola Jazz<\/em><strong>.<\/strong><\/p>\n<p><strong><em>La Catapulta<\/em>, lo scrigno prezioso del Festival, diventa il luogo perfetto per l\u2019incontro tra musica e architettura. <\/strong>La musica all\u2019aperto si diffonde nell\u2019aria, si confonde con i suoni, gli odori e i colori della natura e il palco acustico amplifica la magia di questa fusione. <br \/>Per valorizzare i luoghi fuori dalla tradizionale sala da concerto, quest\u2019anno ritroviamo il nostro palco acustico sul <strong>Lungolago La Palazzola<\/strong> di Stresa per tre concerti jazz: in veste di polistrumentista il primo artista \u00e8 <strong>Egberto Gismonti,<\/strong> seguir\u00e0 il trio del verbanese<a href=\"https:\/\/www.stresafestival.eu\/festival\/simone-locarni-trio\/\"><strong> Simone Locarni <\/strong><\/a>e infine <a href=\"https:\/\/www.stresafestival.eu\/festival\/luigi-grasso-florian-weber\/\"><strong>Florian Weber <\/strong>in duo con <strong>Luigi Grasso<\/strong><\/a>.<\/p>\n\t\t\t\t\t\t\t\t<\/div>\n\t\t\t\t<\/div>\n\t\t\t\t<div class=\"elementor-element elementor-element-1ca32d0 elementor-widget elementor-widget-video\" data-id=\"1ca32d0\" data-element_type=\"widget\" data-settings=\"{&quot;youtube_url&quot;:&quot;https:\\\/\\\/www.youtube.com\\\/watch?v=K1EwZPvdmvw&quot;,&quot;video_type&quot;:&quot;youtube&quot;,&quot;controls&quot;:&quot;yes&quot;}\" data-widget_type=\"video.default\">\n\t\t\t\t<div class=\"elementor-widget-container\">\n\t\t\t\t\t\t\t<div class=\"elementor-wrapper elementor-open-inline\">\n\t\t\t<div class=\"elementor-video\"><\/div>\t\t<\/div>\n\t\t\t\t\t\t<\/div>\n\t\t\t\t<\/div>\n\t\t\t\t<div class=\"elementor-element elementor-element-93e7622 elementor-widget elementor-widget-text-editor\" data-id=\"93e7622\" data-element_type=\"widget\" data-widget_type=\"text-editor.default\">\n\t\t\t\t<div class=\"elementor-widget-container\">\n\t\t\t\t\t\t\t\t\t<p><a href=\"https:\/\/www.stresafestival.eu\/festival\/egberto-gismonti\/\"><strong>Egberto Gismonti<\/strong><\/a> nasce a Carmo (stato di Rio de Janeiro) nel 1947 da una famiglia di musicisti. Dopo aver studiato inizialmente il pianoforte, intraprende da adolescente la chitarra. Ha continuato a studiare composizione, orchestrazione e analisi a Parigi con l&#8217;allievo di Webern, Jean Barraqu\u00e9, e la leggendaria Nadia Boulanger. <strong>Nel suo ultimo giorno da studente di Boulanger, lei gli disse di &#8220;essere un po&#8217; irresponsabile nella [sua] musica, fidarsi e infrangere le regole&#8221;.<\/strong><\/p>\n<p><strong>Gismonti \u00e8 un\u2019icona di questa tradizione che esprime a pieno il senso della musica libera e improvvisata<\/strong>, dell\u2019espressione di varie forme sonore. Qui <strong>lo troviamo infatti in veste di polistrumentista: chitarra, pianoforte, flauto e voce sono gli strumenti che lo accompagneranno in questo live imperdibile.<\/strong><br \/>Virtuoso sia della chitarra sia del pianoforte, Gismonti ha creato un corpus di opere che si collocano al crocevia tra la tradizione popolare del suo nativo Brasile e il mondo della musica classica, in un modo che riecheggia il suo predecessore Heitor Villa-Lobos. <strong>\u00c8 un abile improvvisatore e la sua tecnica sfolgorante \u00e8 capace di evocare una tavolozza di colori quasi orchestrale.<\/strong><br \/>Il Cambridge Companion to the Guitar ha elogiato il suo storico debutto con la ECM, <em>Dan\u00e7a das Cabe\u00e7as<\/em> (1977) \u2013 una collaborazione con il percussionista Nana Vasconcelos \u2013 per <strong>la sua \u201cgrezza intensit\u00e0 di trame e stili [che] rivela un mondo musicale indigeno brasiliano<\/strong> piuttosto diverso e pi\u00f9 vario di quanto si potrebbe dedurre dalle interpretazioni popolari di samba e bossa\u201d. E infatti una tappa fondamentale nel suo sviluppo \u00e8 stato l&#8217;incontro con le popolazioni indigene della foresta amazzonica e la loro musica: le sue ricerche e gli incontri umani hanno cambiato la sua visione delle possibilit\u00e0 espressive del linguaggio musicale e continuano a fecondare il suo lavoro fino ad oggi.<br \/>Oltre al suo lavoro con Vasconcelos, altre collaborazioni chiave per la ECM includono il lavoro in trio con Jan Garbarek (sassofono) e Charlie Haden (c. basso), che ha prodotto tre album, <em>Magico<\/em>, <em>Folk Songs<\/em> e <em>Magico: Carta de Amor<\/em>. <br \/>Il sottotitolo di <em>Sertoes Veredas <\/em>dalla sua uscita <em>Sauda\u00e7\u00f6es<\/em> del 2009 potrebbe quasi rappresentare un motto per tutta la sua opera:<strong> \u201comaggio al meticciato\u201d<\/strong>. Questo brano fornisce alcune indicazioni sui <strong>linguaggi musicali che Gismonti ha fatto propri, facendo riferimento a Villa-Lobos, Stravinskij, Bach, alle danze rituali degli indiani Xingu e altro ancora.<\/strong><br \/>Gismonti \u00e8 una figura di riferimento per la musica internazionale che coglie lo spirito della modernit\u00e0 che lega le radici pi\u00f9 profonde dello straordinario folklore brasiliano ad un linguaggio che si identifica per la sua trasversalit\u00e0 fra generi, scrittura e improvvisazione.<\/p>\n\t\t\t\t\t\t\t\t<\/div>\n\t\t\t\t<\/div>\n\t\t\t\t\t<\/div>\n\t\t<\/div>\n\t\t\t\t\t<\/div>\n\t\t<\/section>\n\t\t\t\t<div class=\"elementor-element elementor-element-f0ccf83 elementor-widget elementor-widget-image\" data-id=\"f0ccf83\" data-element_type=\"widget\" data-widget_type=\"image.default\">\n\t\t\t\t<div class=\"elementor-widget-container\">\n\t\t\t\t\t\t\t\t\t\t\t\t\t\t\t<img decoding=\"async\" width=\"1024\" height=\"683\" src=\"https:\/\/www.stresafestival.eu\/wp-content\/uploads\/2024\/02\/20240716-Egberto-Gismonti_171019_28643-ph-roberto-cifarelli--1024x683.jpg\" class=\"attachment-large size-large wp-image-31809\" alt=\"\" srcset=\"https:\/\/www.stresafestival.eu\/wp-content\/uploads\/2024\/02\/20240716-Egberto-Gismonti_171019_28643-ph-roberto-cifarelli--1024x683.jpg 1024w, https:\/\/www.stresafestival.eu\/wp-content\/uploads\/2024\/02\/20240716-Egberto-Gismonti_171019_28643-ph-roberto-cifarelli--300x200.jpg 300w, https:\/\/www.stresafestival.eu\/wp-content\/uploads\/2024\/02\/20240716-Egberto-Gismonti_171019_28643-ph-roberto-cifarelli--768x512.jpg 768w, https:\/\/www.stresafestival.eu\/wp-content\/uploads\/2024\/02\/20240716-Egberto-Gismonti_171019_28643-ph-roberto-cifarelli--1536x1024.jpg 1536w, https:\/\/www.stresafestival.eu\/wp-content\/uploads\/2024\/02\/20240716-Egberto-Gismonti_171019_28643-ph-roberto-cifarelli-.jpg 1600w\" sizes=\"(max-width: 1024px) 100vw, 1024px\" \/>\t\t\t\t\t\t\t\t\t\t\t\t\t\t\t<\/div>\n\t\t\t\t<\/div>\n\t\t\t\t\t<\/div>\n\t\t<\/div>\n\t\t\t\t\t<\/div>\n\t\t<\/section>\n\t\t\t\t<section class=\"elementor-section elementor-top-section elementor-element elementor-element-78aceccd elementor-section-full_width elementor-section-height-default elementor-section-height-default qodef-elementor-content-no qodef-elementor-stretch-row-no qodef-elementor-overlay-no\" data-id=\"78aceccd\" data-element_type=\"section\">\n\t\t\t\t\t\t<div class=\"elementor-container elementor-column-gap-default\">\n\t\t\t\t\t\t<\/div>\n\t\t<\/section>\n\t\t<div class=\"elementor-element elementor-element-0bdb365 e-flex e-con-boxed e-con e-parent\" data-id=\"0bdb365\" data-element_type=\"container\">\n\t\t\t\t\t<div class=\"e-con-inner\">\n\t\t\t\t<div class=\"elementor-element elementor-element-19d630c elementor-widget elementor-widget-image\" data-id=\"19d630c\" data-element_type=\"widget\" data-widget_type=\"image.default\">\n\t\t\t\t<div class=\"elementor-widget-container\">\n\t\t\t\t\t\t\t\t\t\t\t\t\t\t\t<img decoding=\"async\" width=\"300\" height=\"199\" src=\"https:\/\/www.stresafestival.eu\/wp-content\/uploads\/2024\/02\/Logo_Stresa-festival_verticale_nero.svg\" class=\"attachment-medium size-medium wp-image-30494\" alt=\"\" \/>\t\t\t\t\t\t\t\t\t\t\t\t\t\t\t<\/div>\n\t\t\t\t<\/div>\n\t\t\t\t\t<\/div>\n\t\t\t\t<\/div>\n\t\t\t\t<\/div>\n\t\t","protected":false},"excerpt":{"rendered":"<p>Uno spazio \u201caltro\u201d per ospitare la musica jazz e la musica libera, che va a toccare tante discipline e forme d\u2019arte e suoni.Egberto Gismonti \u00e8 un\u2019icona di questa tradizione, che esprime pienamente il senso della musica libera e improvvisata. \u00c8 questa la prima isola che incontriamo nel nostro arcipelago musicale e che si connota come [&hellip;]<\/p>\n","protected":false},"author":3,"featured_media":36125,"comment_status":"closed","ping_status":"closed","sticky":false,"template":"","format":"standard","meta":{"footnotes":""},"categories":[151,144,143,142,140],"tags":[173,226,196,202,197,198,199],"class_list":["post-36178","post","type-post","status-publish","format-standard","has-post-thumbnail","hentry","category-artists","category-jazz-en","category-la-catapulta-en","category-news-en","category-stresa-festival-2024-en","tag-green-en","tag-jazz-en","tag-lago-maggiore-en","tag-le-isole-della-musica-en","tag-stresa-en","tag-stresa-festival-en","tag-stresa-festival-2024-en"],"yoast_head":"<!-- This site is optimized with the Yoast SEO plugin v27.4 - https:\/\/yoast.com\/product\/yoast-seo-wordpress\/ -->\n<title>Isola Jazz, free music. - Stresa Festival Classica &amp; Jazz Lago Maggiore<\/title>\n<meta name=\"robots\" content=\"index, follow, max-snippet:-1, max-image-preview:large, max-video-preview:-1\" \/>\n<link rel=\"canonical\" href=\"https:\/\/www.stresafestival.eu\/en\/isola-jazz-free-music\/\" \/>\n<meta property=\"og:locale\" content=\"en_US\" \/>\n<meta property=\"og:type\" content=\"article\" \/>\n<meta property=\"og:title\" content=\"Isola Jazz, free music. - Stresa Festival Classica &amp; Jazz Lago Maggiore\" \/>\n<meta property=\"og:description\" content=\"Uno spazio \u201caltro\u201d per ospitare la musica jazz e la musica libera, che va a toccare tante discipline e forme d\u2019arte e suoni.Egberto Gismonti \u00e8 un\u2019icona di questa tradizione, che esprime pienamente il senso della musica libera e improvvisata. \u00c8 questa la prima isola che incontriamo nel nostro arcipelago musicale e che si connota come [&hellip;]\" \/>\n<meta property=\"og:url\" content=\"https:\/\/www.stresafestival.eu\/en\/isola-jazz-free-music\/\" \/>\n<meta property=\"og:site_name\" content=\"Stresa Festival Classica &amp; Jazz Lago Maggiore\" \/>\n<meta property=\"article:published_time\" content=\"2024-05-07T08:00:25+00:00\" \/>\n<meta property=\"article:modified_time\" content=\"2024-07-16T12:19:05+00:00\" \/>\n<meta property=\"og:image\" content=\"https:\/\/www.stresafestival.eu\/wp-content\/uploads\/2024\/05\/StresaFestival24-CatapultaPalazzola.jpg\" \/>\n\t<meta property=\"og:image:width\" content=\"600\" \/>\n\t<meta property=\"og:image:height\" content=\"600\" \/>\n\t<meta property=\"og:image:type\" content=\"image\/jpeg\" \/>\n<meta name=\"author\" content=\"Stresa Festival\" \/>\n<meta name=\"twitter:card\" content=\"summary_large_image\" \/>\n<meta name=\"twitter:label1\" content=\"Written by\" \/>\n\t<meta name=\"twitter:data1\" content=\"Stresa Festival\" \/>\n\t<meta name=\"twitter:label2\" content=\"Est. reading time\" \/>\n\t<meta name=\"twitter:data2\" content=\"3 minutes\" \/>\n<script type=\"application\/ld+json\" class=\"yoast-schema-graph\">{\"@context\":\"https:\\\/\\\/schema.org\",\"@graph\":[{\"@type\":\"Article\",\"@id\":\"https:\\\/\\\/www.stresafestival.eu\\\/en\\\/isola-jazz-free-music\\\/#article\",\"isPartOf\":{\"@id\":\"https:\\\/\\\/www.stresafestival.eu\\\/en\\\/isola-jazz-free-music\\\/\"},\"author\":{\"name\":\"Stresa Festival\",\"@id\":\"https:\\\/\\\/www.stresafestival.eu\\\/en\\\/#\\\/schema\\\/person\\\/12c189759d7542a9da6327e2aadcd96b\"},\"headline\":\"Isola Jazz, free music.\",\"datePublished\":\"2024-05-07T08:00:25+00:00\",\"dateModified\":\"2024-07-16T12:19:05+00:00\",\"mainEntityOfPage\":{\"@id\":\"https:\\\/\\\/www.stresafestival.eu\\\/en\\\/isola-jazz-free-music\\\/\"},\"wordCount\":596,\"image\":{\"@id\":\"https:\\\/\\\/www.stresafestival.eu\\\/en\\\/isola-jazz-free-music\\\/#primaryimage\"},\"thumbnailUrl\":\"https:\\\/\\\/www.stresafestival.eu\\\/wp-content\\\/uploads\\\/2024\\\/05\\\/StresaFestival24-CatapultaPalazzola.jpg\",\"keywords\":[\"Green\",\"Jazz\",\"Lago Maggiore\",\"le isole della musica\",\"Stresa\",\"Stresa Festival\",\"Stresa Festival 2024\"],\"articleSection\":[\"Artists\",\"Jazz\",\"La Catapulta\",\"News\",\"Stresa Festival 2024\"],\"inLanguage\":\"en-US\"},{\"@type\":\"WebPage\",\"@id\":\"https:\\\/\\\/www.stresafestival.eu\\\/en\\\/isola-jazz-free-music\\\/\",\"url\":\"https:\\\/\\\/www.stresafestival.eu\\\/en\\\/isola-jazz-free-music\\\/\",\"name\":\"Isola Jazz, free music. - Stresa Festival Classica &amp; Jazz Lago Maggiore\",\"isPartOf\":{\"@id\":\"https:\\\/\\\/www.stresafestival.eu\\\/en\\\/#website\"},\"primaryImageOfPage\":{\"@id\":\"https:\\\/\\\/www.stresafestival.eu\\\/en\\\/isola-jazz-free-music\\\/#primaryimage\"},\"image\":{\"@id\":\"https:\\\/\\\/www.stresafestival.eu\\\/en\\\/isola-jazz-free-music\\\/#primaryimage\"},\"thumbnailUrl\":\"https:\\\/\\\/www.stresafestival.eu\\\/wp-content\\\/uploads\\\/2024\\\/05\\\/StresaFestival24-CatapultaPalazzola.jpg\",\"datePublished\":\"2024-05-07T08:00:25+00:00\",\"dateModified\":\"2024-07-16T12:19:05+00:00\",\"author\":{\"@id\":\"https:\\\/\\\/www.stresafestival.eu\\\/en\\\/#\\\/schema\\\/person\\\/12c189759d7542a9da6327e2aadcd96b\"},\"breadcrumb\":{\"@id\":\"https:\\\/\\\/www.stresafestival.eu\\\/en\\\/isola-jazz-free-music\\\/#breadcrumb\"},\"inLanguage\":\"en-US\",\"potentialAction\":[{\"@type\":\"ReadAction\",\"target\":[\"https:\\\/\\\/www.stresafestival.eu\\\/en\\\/isola-jazz-free-music\\\/\"]}]},{\"@type\":\"ImageObject\",\"inLanguage\":\"en-US\",\"@id\":\"https:\\\/\\\/www.stresafestival.eu\\\/en\\\/isola-jazz-free-music\\\/#primaryimage\",\"url\":\"https:\\\/\\\/www.stresafestival.eu\\\/wp-content\\\/uploads\\\/2024\\\/05\\\/StresaFestival24-CatapultaPalazzola.jpg\",\"contentUrl\":\"https:\\\/\\\/www.stresafestival.eu\\\/wp-content\\\/uploads\\\/2024\\\/05\\\/StresaFestival24-CatapultaPalazzola.jpg\",\"width\":600,\"height\":600},{\"@type\":\"BreadcrumbList\",\"@id\":\"https:\\\/\\\/www.stresafestival.eu\\\/en\\\/isola-jazz-free-music\\\/#breadcrumb\",\"itemListElement\":[{\"@type\":\"ListItem\",\"position\":1,\"name\":\"Home\",\"item\":\"https:\\\/\\\/www.stresafestival.eu\\\/en\\\/\"},{\"@type\":\"ListItem\",\"position\":2,\"name\":\"Isola Jazz, free music.\"}]},{\"@type\":\"WebSite\",\"@id\":\"https:\\\/\\\/www.stresafestival.eu\\\/en\\\/#website\",\"url\":\"https:\\\/\\\/www.stresafestival.eu\\\/en\\\/\",\"name\":\"Stresa Festival Classica &amp; Jazz Lago Maggiore\",\"description\":\"Festival di Musica Classica &amp; Jazz a Stresa sul Lago Maggiore\",\"potentialAction\":[{\"@type\":\"SearchAction\",\"target\":{\"@type\":\"EntryPoint\",\"urlTemplate\":\"https:\\\/\\\/www.stresafestival.eu\\\/en\\\/?s={search_term_string}\"},\"query-input\":{\"@type\":\"PropertyValueSpecification\",\"valueRequired\":true,\"valueName\":\"search_term_string\"}}],\"inLanguage\":\"en-US\"},{\"@type\":\"Person\",\"@id\":\"https:\\\/\\\/www.stresafestival.eu\\\/en\\\/#\\\/schema\\\/person\\\/12c189759d7542a9da6327e2aadcd96b\",\"name\":\"Stresa Festival\",\"image\":{\"@type\":\"ImageObject\",\"inLanguage\":\"en-US\",\"@id\":\"https:\\\/\\\/secure.gravatar.com\\\/avatar\\\/d738d3b1edb62c9293106e96dde73796429d156047129a130b65c203740bcc7c?s=96&d=mm&r=g\",\"url\":\"https:\\\/\\\/secure.gravatar.com\\\/avatar\\\/d738d3b1edb62c9293106e96dde73796429d156047129a130b65c203740bcc7c?s=96&d=mm&r=g\",\"contentUrl\":\"https:\\\/\\\/secure.gravatar.com\\\/avatar\\\/d738d3b1edb62c9293106e96dde73796429d156047129a130b65c203740bcc7c?s=96&d=mm&r=g\",\"caption\":\"Stresa Festival\"},\"url\":\"https:\\\/\\\/www.stresafestival.eu\\\/en\\\/author\\\/comunicazionestresafestival-eu\\\/\"}]}<\/script>\n<!-- \/ Yoast SEO plugin. -->","yoast_head_json":{"title":"Isola Jazz, free music. - Stresa Festival Classica &amp; Jazz Lago Maggiore","robots":{"index":"index","follow":"follow","max-snippet":"max-snippet:-1","max-image-preview":"max-image-preview:large","max-video-preview":"max-video-preview:-1"},"canonical":"https:\/\/www.stresafestival.eu\/en\/isola-jazz-free-music\/","og_locale":"en_US","og_type":"article","og_title":"Isola Jazz, free music. - Stresa Festival Classica &amp; Jazz Lago Maggiore","og_description":"Uno spazio \u201caltro\u201d per ospitare la musica jazz e la musica libera, che va a toccare tante discipline e forme d\u2019arte e suoni.Egberto Gismonti \u00e8 un\u2019icona di questa tradizione, che esprime pienamente il senso della musica libera e improvvisata. \u00c8 questa la prima isola che incontriamo nel nostro arcipelago musicale e che si connota come [&hellip;]","og_url":"https:\/\/www.stresafestival.eu\/en\/isola-jazz-free-music\/","og_site_name":"Stresa Festival Classica &amp; Jazz Lago Maggiore","article_published_time":"2024-05-07T08:00:25+00:00","article_modified_time":"2024-07-16T12:19:05+00:00","og_image":[{"width":600,"height":600,"url":"https:\/\/www.stresafestival.eu\/wp-content\/uploads\/2024\/05\/StresaFestival24-CatapultaPalazzola.jpg","type":"image\/jpeg"}],"author":"Stresa Festival","twitter_card":"summary_large_image","twitter_misc":{"Written by":"Stresa Festival","Est. reading time":"3 minutes"},"schema":{"@context":"https:\/\/schema.org","@graph":[{"@type":"Article","@id":"https:\/\/www.stresafestival.eu\/en\/isola-jazz-free-music\/#article","isPartOf":{"@id":"https:\/\/www.stresafestival.eu\/en\/isola-jazz-free-music\/"},"author":{"name":"Stresa Festival","@id":"https:\/\/www.stresafestival.eu\/en\/#\/schema\/person\/12c189759d7542a9da6327e2aadcd96b"},"headline":"Isola Jazz, free music.","datePublished":"2024-05-07T08:00:25+00:00","dateModified":"2024-07-16T12:19:05+00:00","mainEntityOfPage":{"@id":"https:\/\/www.stresafestival.eu\/en\/isola-jazz-free-music\/"},"wordCount":596,"image":{"@id":"https:\/\/www.stresafestival.eu\/en\/isola-jazz-free-music\/#primaryimage"},"thumbnailUrl":"https:\/\/www.stresafestival.eu\/wp-content\/uploads\/2024\/05\/StresaFestival24-CatapultaPalazzola.jpg","keywords":["Green","Jazz","Lago Maggiore","le isole della musica","Stresa","Stresa Festival","Stresa Festival 2024"],"articleSection":["Artists","Jazz","La Catapulta","News","Stresa Festival 2024"],"inLanguage":"en-US"},{"@type":"WebPage","@id":"https:\/\/www.stresafestival.eu\/en\/isola-jazz-free-music\/","url":"https:\/\/www.stresafestival.eu\/en\/isola-jazz-free-music\/","name":"Isola Jazz, free music. - Stresa Festival Classica &amp; Jazz Lago Maggiore","isPartOf":{"@id":"https:\/\/www.stresafestival.eu\/en\/#website"},"primaryImageOfPage":{"@id":"https:\/\/www.stresafestival.eu\/en\/isola-jazz-free-music\/#primaryimage"},"image":{"@id":"https:\/\/www.stresafestival.eu\/en\/isola-jazz-free-music\/#primaryimage"},"thumbnailUrl":"https:\/\/www.stresafestival.eu\/wp-content\/uploads\/2024\/05\/StresaFestival24-CatapultaPalazzola.jpg","datePublished":"2024-05-07T08:00:25+00:00","dateModified":"2024-07-16T12:19:05+00:00","author":{"@id":"https:\/\/www.stresafestival.eu\/en\/#\/schema\/person\/12c189759d7542a9da6327e2aadcd96b"},"breadcrumb":{"@id":"https:\/\/www.stresafestival.eu\/en\/isola-jazz-free-music\/#breadcrumb"},"inLanguage":"en-US","potentialAction":[{"@type":"ReadAction","target":["https:\/\/www.stresafestival.eu\/en\/isola-jazz-free-music\/"]}]},{"@type":"ImageObject","inLanguage":"en-US","@id":"https:\/\/www.stresafestival.eu\/en\/isola-jazz-free-music\/#primaryimage","url":"https:\/\/www.stresafestival.eu\/wp-content\/uploads\/2024\/05\/StresaFestival24-CatapultaPalazzola.jpg","contentUrl":"https:\/\/www.stresafestival.eu\/wp-content\/uploads\/2024\/05\/StresaFestival24-CatapultaPalazzola.jpg","width":600,"height":600},{"@type":"BreadcrumbList","@id":"https:\/\/www.stresafestival.eu\/en\/isola-jazz-free-music\/#breadcrumb","itemListElement":[{"@type":"ListItem","position":1,"name":"Home","item":"https:\/\/www.stresafestival.eu\/en\/"},{"@type":"ListItem","position":2,"name":"Isola Jazz, free music."}]},{"@type":"WebSite","@id":"https:\/\/www.stresafestival.eu\/en\/#website","url":"https:\/\/www.stresafestival.eu\/en\/","name":"Stresa Festival Classica &amp; Jazz Lago Maggiore","description":"Festival di Musica Classica &amp; Jazz a Stresa sul Lago Maggiore","potentialAction":[{"@type":"SearchAction","target":{"@type":"EntryPoint","urlTemplate":"https:\/\/www.stresafestival.eu\/en\/?s={search_term_string}"},"query-input":{"@type":"PropertyValueSpecification","valueRequired":true,"valueName":"search_term_string"}}],"inLanguage":"en-US"},{"@type":"Person","@id":"https:\/\/www.stresafestival.eu\/en\/#\/schema\/person\/12c189759d7542a9da6327e2aadcd96b","name":"Stresa Festival","image":{"@type":"ImageObject","inLanguage":"en-US","@id":"https:\/\/secure.gravatar.com\/avatar\/d738d3b1edb62c9293106e96dde73796429d156047129a130b65c203740bcc7c?s=96&d=mm&r=g","url":"https:\/\/secure.gravatar.com\/avatar\/d738d3b1edb62c9293106e96dde73796429d156047129a130b65c203740bcc7c?s=96&d=mm&r=g","contentUrl":"https:\/\/secure.gravatar.com\/avatar\/d738d3b1edb62c9293106e96dde73796429d156047129a130b65c203740bcc7c?s=96&d=mm&r=g","caption":"Stresa Festival"},"url":"https:\/\/www.stresafestival.eu\/en\/author\/comunicazionestresafestival-eu\/"}]}},"_links":{"self":[{"href":"https:\/\/www.stresafestival.eu\/en\/wp-json\/wp\/v2\/posts\/36178","targetHints":{"allow":["GET"]}}],"collection":[{"href":"https:\/\/www.stresafestival.eu\/en\/wp-json\/wp\/v2\/posts"}],"about":[{"href":"https:\/\/www.stresafestival.eu\/en\/wp-json\/wp\/v2\/types\/post"}],"author":[{"embeddable":true,"href":"https:\/\/www.stresafestival.eu\/en\/wp-json\/wp\/v2\/users\/3"}],"replies":[{"embeddable":true,"href":"https:\/\/www.stresafestival.eu\/en\/wp-json\/wp\/v2\/comments?post=36178"}],"version-history":[{"count":17,"href":"https:\/\/www.stresafestival.eu\/en\/wp-json\/wp\/v2\/posts\/36178\/revisions"}],"predecessor-version":[{"id":37148,"href":"https:\/\/www.stresafestival.eu\/en\/wp-json\/wp\/v2\/posts\/36178\/revisions\/37148"}],"wp:featuredmedia":[{"embeddable":true,"href":"https:\/\/www.stresafestival.eu\/en\/wp-json\/wp\/v2\/media\/36125"}],"wp:attachment":[{"href":"https:\/\/www.stresafestival.eu\/en\/wp-json\/wp\/v2\/media?parent=36178"}],"wp:term":[{"taxonomy":"category","embeddable":true,"href":"https:\/\/www.stresafestival.eu\/en\/wp-json\/wp\/v2\/categories?post=36178"},{"taxonomy":"post_tag","embeddable":true,"href":"https:\/\/www.stresafestival.eu\/en\/wp-json\/wp\/v2\/tags?post=36178"}],"curies":[{"name":"wp","href":"https:\/\/api.w.org\/{rel}","templated":true}]}}