{"id":39866,"date":"2025-05-08T11:21:17","date_gmt":"2025-05-08T09:21:17","guid":{"rendered":"https:\/\/www.stresafestival.eu\/stresa-festival-la-quarta-isola-del-lago-maggiore\/"},"modified":"2025-07-19T15:06:44","modified_gmt":"2025-07-19T13:06:44","slug":"stresa-festival-la-quarta-isola-del-lago-maggiore","status":"publish","type":"post","link":"https:\/\/www.stresafestival.eu\/en\/stresa-festival-la-quarta-isola-del-lago-maggiore\/","title":{"rendered":"Stresa Festival: la quarta isola del Lago Maggiore."},"content":{"rendered":"\t\t<div data-elementor-type=\"wp-post\" data-elementor-id=\"39866\" class=\"elementor elementor-39866 elementor-39732\" data-elementor-post-type=\"post\">\n\t\t\t\t\t\t<section class=\"elementor-section elementor-top-section elementor-element elementor-element-223a6248 elementor-section-boxed elementor-section-height-default elementor-section-height-default qodef-elementor-content-no qodef-elementor-stretch-row-no qodef-elementor-overlay-no\" data-id=\"223a6248\" data-element_type=\"section\">\n\t\t\t\t\t\t<div class=\"elementor-container elementor-column-gap-default\">\n\t\t\t\t\t<div class=\"elementor-column elementor-col-100 elementor-top-column elementor-element elementor-element-15868ad6\" data-id=\"15868ad6\" data-element_type=\"column\">\n\t\t\t<div class=\"elementor-widget-wrap elementor-element-populated\">\n\t\t\t\t\t\t<div class=\"elementor-element elementor-element-dd2b20f elementor-widget elementor-widget-video\" data-id=\"dd2b20f\" data-element_type=\"widget\" data-settings=\"{&quot;youtube_url&quot;:&quot;https:\\\/\\\/www.youtube.com\\\/watch?v=j3etmUIRCn4&amp;list=PLgvT-Ummg4zbiJ05GwPxo6aheyYM3_BQN&quot;,&quot;video_type&quot;:&quot;youtube&quot;,&quot;controls&quot;:&quot;yes&quot;}\" data-widget_type=\"video.default\">\n\t\t\t\t<div class=\"elementor-widget-container\">\n\t\t\t\t\t\t\t<div class=\"elementor-wrapper elementor-open-inline\">\n\t\t\t<div class=\"elementor-video\"><\/div>\t\t<\/div>\n\t\t\t\t\t\t<\/div>\n\t\t\t\t<\/div>\n\t\t\t\t<div class=\"elementor-element elementor-element-5badd37e elementor-widget-divider--view-line elementor-widget elementor-widget-divider\" data-id=\"5badd37e\" data-element_type=\"widget\" data-widget_type=\"divider.default\">\n\t\t\t\t<div class=\"elementor-widget-container\">\n\t\t\t\t\t\t\t<div class=\"elementor-divider\">\n\t\t\t<span class=\"elementor-divider-separator\">\n\t\t\t\t\t\t<\/span>\n\t\t<\/div>\n\t\t\t\t\t\t<\/div>\n\t\t\t\t<\/div>\n\t\t\t\t<div class=\"elementor-element elementor-element-2f5f6197 elementor-widget elementor-widget-text-editor\" data-id=\"2f5f6197\" data-element_type=\"widget\" data-widget_type=\"text-editor.default\">\n\t\t\t\t<div class=\"elementor-widget-container\">\n\t\t\t\t\t\t\t\t\t<h5>Tanti artisti internazionali, tante musiche, tanti suoni, tanti colori, tante sfumature: ancora una volta Stresa Festival si preannuncia ricco e sfaccettato nella sua raffinata configurazione artistica e nella sua preziosa dislocazione ambientale, spaziando dalla musica antica a varie diramazioni sonore contemporanee, jazz incluso, passando attraverso molteplici tradizioni.<\/h5><h5>Dal 17 luglio all\u20191 agosto e dal 19 agosto al 6 settembre, la 64esima edizione di Stresa Festival coinvolger\u00e0 numerose localit\u00e0 del Lago Maggiore, ad iniziare da tutte e tre le isole: Isola Bella, Isola Madre e Isola dei Pescatori.<\/h5><h5>Un grande evento che si riflette nell\u2019acqua e dall\u2019acqua trae la propria forte identit\u00e0.<\/h5>\t\t\t\t\t\t\t\t<\/div>\n\t\t\t\t<\/div>\n\t\t\t\t<div class=\"elementor-element elementor-element-7cd3ea87 elementor-widget-divider--view-line elementor-widget elementor-widget-divider\" data-id=\"7cd3ea87\" data-element_type=\"widget\" data-widget_type=\"divider.default\">\n\t\t\t\t<div class=\"elementor-widget-container\">\n\t\t\t\t\t\t\t<div class=\"elementor-divider\">\n\t\t\t<span class=\"elementor-divider-separator\">\n\t\t\t\t\t\t<\/span>\n\t\t<\/div>\n\t\t\t\t\t\t<\/div>\n\t\t\t\t<\/div>\n\t\t\t\t\t<\/div>\n\t\t<\/div>\n\t\t\t\t\t<\/div>\n\t\t<\/section>\n\t\t\t\t<section class=\"elementor-section elementor-top-section elementor-element elementor-element-604f2809 elementor-section-full_width elementor-section-height-default elementor-section-height-default qodef-elementor-content-no qodef-elementor-stretch-row-no qodef-elementor-overlay-no\" data-id=\"604f2809\" data-element_type=\"section\">\n\t\t\t\t\t\t<div class=\"elementor-container elementor-column-gap-default\">\n\t\t\t\t\t<div class=\"elementor-column elementor-col-100 elementor-top-column elementor-element elementor-element-693f97c1\" data-id=\"693f97c1\" data-element_type=\"column\">\n\t\t\t<div class=\"elementor-widget-wrap elementor-element-populated\">\n\t\t\t\t\t\t<section class=\"elementor-section elementor-inner-section elementor-element elementor-element-50c97d73 elementor-section-boxed elementor-section-height-default elementor-section-height-default qodef-elementor-content-no qodef-elementor-stretch-row-no qodef-elementor-overlay-no\" data-id=\"50c97d73\" data-element_type=\"section\">\n\t\t\t\t\t\t<div class=\"elementor-container elementor-column-gap-default\">\n\t\t\t\t\t<div class=\"elementor-column elementor-col-100 elementor-inner-column elementor-element elementor-element-cd56bf2\" data-id=\"cd56bf2\" data-element_type=\"column\">\n\t\t\t<div class=\"elementor-widget-wrap elementor-element-populated\">\n\t\t\t\t\t\t<div class=\"elementor-element elementor-element-77799cf5 elementor-widget elementor-widget-text-editor\" data-id=\"77799cf5\" data-element_type=\"widget\" data-widget_type=\"text-editor.default\">\n\t\t\t\t<div class=\"elementor-widget-container\">\n\t\t\t\t\t\t\t\t\t<p>\u00abIl Lago Maggiore ospita Stresa Festival dal 1962 e sin da allora \u00e8 sempre stata evidente la vocazione internazionale di questo avvenimento, certo per la scelta dei musicisti e per il pubblico che li applaude provenienti, entrambi, da ogni dove nel mondo. Ma ancora e certamente per la bellezza dei nostri luoghi\u00bb, specifica <strong>Claudio Marenzi, Presidente dell\u2019Associazione Settimane Musicali di Stresa<\/strong>, \u00abIl respiro senza confini \u00e8 sempre stato una caratteristica del nostro Lago che oggi, dai dati ricevuti dal Presidente della Regione Piemonte Alberto Cirio, sappiamo essere la localit\u00e0 lacustre con il primato di permanenza media nel quadro dei 16,89 milioni di presenze complessive regionali nel 2024. Quest\u2019anno a celebrare lo stretto legame tra territorio e musica, sono onorato di confermare che il programma di Stresa Festival includer\u00e0 location inaspettate comprendendo, di nuovo, anche le Isole Borromee, e per questo ringrazio il Principe Vitaliano Borromeo\u00bb.<\/p><p><br \/>Mario Brunello, Direttore Artistico di Stresa Festival, introduce cos\u00ec il programma 2025: \u00abStresa Festival, con ambizione, si vuole definire \u201cla quarta isola\u201d, aggiungendo cos\u00ec motivo di attrazione culturale alle celeberrime Isole Borromee, tesoro indiscusso di Stresa e del Lago Maggiore, che quest\u2019anno saranno molto frequentate dai nostri concerti. Un Festival che amiamo definire un arcipelago musicale: isole di musica a cui approdano artisti provenienti da tutto il mondo, da vari ambiti sonori, per portare dialogo e bellezza, valori da tenere sempre cari di questi tempi. Dialogo tra culture, epoche, stili, dialogo tra strumenti antichi e moderni, tra voci lontane, tra arte e natura e, perch\u00e9 no, tra artisti e pubblico. Questi sono i temi che si svilupperanno nel corso di Stresa Festival, lungo i due mesi suddivisi in quattro \u201cisole\u201d: Jazz, Young, Antiqua e Classic. Non mancheranno omaggi specifici a grandi artisti come Alessandro Scarlatti a 300 anni dalla morte, \u0160ostak\u00f3vi\u010d a 50 anni dalla morte, Berio, nei 100 anni dalla nascita, senza dimenticare il compleanno dell\u2019amatissimo Arvo P\u00e4rt, che a settembre spegner\u00e0 90 candeline. Da non perdere la possibilit\u00e0 di dialogare, conoscere e avvicinare gli artisti ospiti di Stresa Festival partecipando agli Album. Da ricordare poi che l\u2019iniziativa di creare il Bosco Claudio Abbado continua anche in questa edizione, adottando un albero a ogni concerto\u00bb.<\/p>\t\t\t\t\t\t\t\t<\/div>\n\t\t\t\t<\/div>\n\t\t\t\t<div class=\"elementor-element elementor-element-590595d elementor-widget elementor-widget-image\" data-id=\"590595d\" data-element_type=\"widget\" data-widget_type=\"image.default\">\n\t\t\t\t<div class=\"elementor-widget-container\">\n\t\t\t\t\t\t\t\t\t\t\t\t\t\t\t<img fetchpriority=\"high\" decoding=\"async\" width=\"2560\" height=\"1708\" src=\"https:\/\/www.stresafestival.eu\/wp-content\/uploads\/2025\/05\/Stresa-Festival-25_Conferenza-stampa_Mag25-70-scaled.jpg\" class=\"attachment-full size-full wp-image-39779\" alt=\"\" srcset=\"https:\/\/www.stresafestival.eu\/wp-content\/uploads\/2025\/05\/Stresa-Festival-25_Conferenza-stampa_Mag25-70-scaled.jpg 2560w, https:\/\/www.stresafestival.eu\/wp-content\/uploads\/2025\/05\/Stresa-Festival-25_Conferenza-stampa_Mag25-70-300x200.jpg 300w, https:\/\/www.stresafestival.eu\/wp-content\/uploads\/2025\/05\/Stresa-Festival-25_Conferenza-stampa_Mag25-70-1024x683.jpg 1024w, https:\/\/www.stresafestival.eu\/wp-content\/uploads\/2025\/05\/Stresa-Festival-25_Conferenza-stampa_Mag25-70-768x513.jpg 768w, https:\/\/www.stresafestival.eu\/wp-content\/uploads\/2025\/05\/Stresa-Festival-25_Conferenza-stampa_Mag25-70-1536x1025.jpg 1536w, https:\/\/www.stresafestival.eu\/wp-content\/uploads\/2025\/05\/Stresa-Festival-25_Conferenza-stampa_Mag25-70-2048x1367.jpg 2048w\" sizes=\"(max-width: 2560px) 100vw, 2560px\" \/>\t\t\t\t\t\t\t\t\t\t\t\t\t\t\t<\/div>\n\t\t\t\t<\/div>\n\t\t\t\t\t<\/div>\n\t\t<\/div>\n\t\t\t\t\t<\/div>\n\t\t<\/section>\n\t\t\t\t\t<\/div>\n\t\t<\/div>\n\t\t\t\t\t<\/div>\n\t\t<\/section>\n\t\t\t\t<section class=\"elementor-section elementor-top-section elementor-element elementor-element-4102e58 elementor-section-boxed elementor-section-height-default elementor-section-height-default qodef-elementor-content-no qodef-elementor-stretch-row-no qodef-elementor-overlay-no\" data-id=\"4102e58\" data-element_type=\"section\">\n\t\t\t\t\t\t<div class=\"elementor-container elementor-column-gap-default\">\n\t\t\t\t\t<div class=\"elementor-column elementor-col-100 elementor-top-column elementor-element elementor-element-1dd751f\" data-id=\"1dd751f\" data-element_type=\"column\">\n\t\t\t<div class=\"elementor-widget-wrap elementor-element-populated\">\n\t\t\t\t\t\t<div class=\"elementor-element elementor-element-1ff0d3a elementor-widget-divider--view-line elementor-widget elementor-widget-divider\" data-id=\"1ff0d3a\" data-element_type=\"widget\" data-widget_type=\"divider.default\">\n\t\t\t\t<div class=\"elementor-widget-container\">\n\t\t\t\t\t\t\t<div class=\"elementor-divider\">\n\t\t\t<span class=\"elementor-divider-separator\">\n\t\t\t\t\t\t<\/span>\n\t\t<\/div>\n\t\t\t\t\t\t<\/div>\n\t\t\t\t<\/div>\n\t\t\t\t<div class=\"elementor-element elementor-element-4b47af3 elementor-widget elementor-widget-text-editor\" data-id=\"4b47af3\" data-element_type=\"widget\" data-widget_type=\"text-editor.default\">\n\t\t\t\t<div class=\"elementor-widget-container\">\n\t\t\t\t\t\t\t\t\t<h6><strong>17 luglio &#8211; 1 agosto: dalla musica irlandese al jazz passando per Cuba<\/strong>.<\/h6>\t\t\t\t\t\t\t\t<\/div>\n\t\t\t\t<\/div>\n\t\t\t\t\t<\/div>\n\t\t<\/div>\n\t\t\t\t\t<\/div>\n\t\t<\/section>\n\t\t\t\t<section class=\"elementor-section elementor-top-section elementor-element elementor-element-7874952 elementor-section-boxed elementor-section-height-default elementor-section-height-default qodef-elementor-content-no qodef-elementor-stretch-row-no qodef-elementor-overlay-no\" data-id=\"7874952\" data-element_type=\"section\">\n\t\t\t\t\t\t<div class=\"elementor-container elementor-column-gap-default\">\n\t\t\t\t\t<div class=\"elementor-column elementor-col-100 elementor-top-column elementor-element elementor-element-e0ed1f5\" data-id=\"e0ed1f5\" data-element_type=\"column\">\n\t\t\t<div class=\"elementor-widget-wrap elementor-element-populated\">\n\t\t\t\t\t\t<section class=\"elementor-section elementor-inner-section elementor-element elementor-element-d0d4cfb elementor-section-boxed elementor-section-height-default elementor-section-height-default qodef-elementor-content-no qodef-elementor-stretch-row-no qodef-elementor-overlay-no\" data-id=\"d0d4cfb\" data-element_type=\"section\">\n\t\t\t\t\t\t<div class=\"elementor-container elementor-column-gap-default\">\n\t\t\t\t\t<div class=\"elementor-column elementor-col-100 elementor-inner-column elementor-element elementor-element-1ae3dbe\" data-id=\"1ae3dbe\" data-element_type=\"column\">\n\t\t\t<div class=\"elementor-widget-wrap elementor-element-populated\">\n\t\t\t\t\t\t<div class=\"elementor-element elementor-element-5fae440 elementor-widget elementor-widget-text-editor\" data-id=\"5fae440\" data-element_type=\"widget\" data-widget_type=\"text-editor.default\">\n\t\t\t\t<div class=\"elementor-widget-container\">\n\t\t\t\t\t\t\t\t\t<p>Jazz ma molto altro ancora contrassegna la prima parte di Stresa Festival 2025. Si comincia infatti, gioved\u00ec 17 luglio, nell\u2019inedita location del Piazzale dell\u2019Artiglieria dell\u2019Isola Bella, con un concerto che riflette la tradizione e la modernit\u00e0 della musica irlandese, di cui sar\u00e0 protagonista il formidabile violinista <strong>Martin Hayes<\/strong>, coadiuvato nella speciale occasione dalla violoncellista connazionale <strong>Kate Ellis<\/strong>. Due giorni dopo, sul Lungolago La Palazzola di Stresa, la cantante e violoncellista cubana <strong>Ana Carla Maza<\/strong>, recente rivelazione della world music, dar\u00e0 un saggio delle capacit\u00e0 di coinvolgere il pubblico con la sua effervescente, contagiosa comunicativa sullo sfondo di ritmi caraibici, influenze classiche e molto altro ancora.<\/p><p>Tra questi due concerti si inserisce, venerd\u00ec 18 luglio, nella Loggia del Cashmere dell\u2019Isola Madre, l\u2019esibizione del <strong>Pacific Quintet<\/strong>, formazione di soli fiati (flauto, oboe, clarinetto, fagotto e corno) che proporr\u00e0 personali arrangiamenti di capolavori come <em>West Side Story<\/em> e il <em>Barbiere di Siviglia<\/em>, nonch\u00e9 del <em>Tombeau de Couperin<\/em> di Ravel e una composizione del pianista turco Fazil Say.<\/p><p>Tre saranno le serate dedicate al jazz, per le quali Mario Brunello ha coinvolto come <em>artist in residence<\/em> il pianista <strong>Simone Locarni<\/strong>, considerato uno dei nuovi talenti del jazz internazionale. Locarni proporr\u00e0 due progetti a sua firma: \u201cRadici\u201d, incontro generazionale ma ancor pi\u00f9 incontro di storie, culture e territori diversi, con la partecipazione del sassofonista argentino Javier Girotto (mercoled\u00ec 23 luglio all\u2019Isola Bella); <em>Suite for a Lake<\/em>, composizione ideata appositamente per Stresa Festival 2025 in omaggio al luogo di origine dello stesso pianista (sabato 26 luglio, Stresa Festival Hall). Nella stessa serata si ascolter\u00e0 il <em>Quartetto per archi n. 4 in re magg. op. 83<\/em> di <em>\u0160ostak\u00f3vi\u010d<\/em> ad opera del Quartetto No\u00fbs, a simboleggiare un possibile, affascinante dialogo tra jazz e musica europea.<\/p><p>Sempre riconducibile al versante jazzistico del Festival, sar\u00e0 il concerto (venerd\u00ec 25, Isola Bella) del celebre fisarmonicista francese <strong>Richard Galliano<\/strong>, autentico virtuoso del proprio strumento e tra gli ospiti di maggior spicco di Stresa Festival 2025.<\/p><p>Dal 30 luglio all\u20191 agosto, all\u2019Isola dei Pescatori, sar\u00e0 quindi l\u2019<strong><em>isola young<\/em> <\/strong>ad accendere i riflettori per tre serate su altrettante, variegate proposte: i <strong>Delicatoni<\/strong>, band emergente di impronta indie-pop (30 luglio); <strong>Klaus<\/strong>, al secolo Tudor Laurini, dj e youtuber da un milione di follower (31 luglio); <strong>Frida Bollani Magoni<\/strong>, pianista prodigiosa, figlia d\u2019arte ma ormai affermata grazie ad un innato talento (1 agosto).<\/p>\t\t\t\t\t\t\t\t<\/div>\n\t\t\t\t<\/div>\n\t\t\t\t<div class=\"elementor-element elementor-element-22a1dd9 elementor-widget-divider--view-line elementor-widget elementor-widget-divider\" data-id=\"22a1dd9\" data-element_type=\"widget\" data-widget_type=\"divider.default\">\n\t\t\t\t<div class=\"elementor-widget-container\">\n\t\t\t\t\t\t\t<div class=\"elementor-divider\">\n\t\t\t<span class=\"elementor-divider-separator\">\n\t\t\t\t\t\t<\/span>\n\t\t<\/div>\n\t\t\t\t\t\t<\/div>\n\t\t\t\t<\/div>\n\t\t\t\t<div class=\"elementor-element elementor-element-f3ec5e9 elementor-widget elementor-widget-text-editor\" data-id=\"f3ec5e9\" data-element_type=\"widget\" data-widget_type=\"text-editor.default\">\n\t\t\t\t<div class=\"elementor-widget-container\">\n\t\t\t\t\t\t\t\t\t<h6><strong>19 agosto \u2013 6 settembre: da Bach ad Arvo P\u00e4rt<\/strong>.<\/h6>\t\t\t\t\t\t\t\t<\/div>\n\t\t\t\t<\/div>\n\t\t\t\t\t<\/div>\n\t\t<\/div>\n\t\t\t\t\t<\/div>\n\t\t<\/section>\n\t\t\t\t<div class=\"elementor-element elementor-element-dd5c252 elementor-widget elementor-widget-text-editor\" data-id=\"dd5c252\" data-element_type=\"widget\" data-widget_type=\"text-editor.default\">\n\t\t\t\t<div class=\"elementor-widget-container\">\n\t\t\t\t\t\t\t\t\t<p>La seconda parte di Stresa Festival 2025 inizier\u00e0 nel segno di Bach: marted\u00ec 19 agosto, alla Stresa Festival Hall, l\u2019<strong>Akademie f\u00fcr Alte Musik Berlin<\/strong>, una delle principali orchestre barocche al mondo, eseguir\u00e0 l\u2019integrale dei <em>Concerti Brandeburghesi<\/em>. Il giorno dopo, presso la Rocca Borromeo di Angera, l\u2019<strong>Ensemble Sjaella<\/strong>, formazione vocale tutta al femminile, esplorer\u00e0 l&#8217;antico dilemma umano tra la testa e il cuore \u2013 il titolo del concerto \u00e8 infatti <em>Head Heart<\/em> \u2013 attraverso musiche di Purcell, Frank, dell\u2019americano David Lang e di altri autori.<\/p><p>Gioved\u00ec 21 e venerd\u00ec 22 agosto Stresa Festival raggiunger\u00e0 un luogo senza tempo come l\u2019Eremo di Santa Caterina del Sasso a Leggiuno, in occasione del consueto doppio appuntamento con le <em>meditazioni<\/em> sulle Suite per violoncello di Bach, affidate quest\u2019anno allo svizzero <strong>Thomas Demenga<\/strong>, uno dei migliori violoncellisti a livello mondiale.<\/p><p>Evento particolarmente suggestivo si preannuncia anche il concerto di sabato 23 (Chiesa Sant\u2019Ambrogio a Stresa), nel corso del quale l\u2019ensemble <strong>Il Suonar Parlante<\/strong> diretto dal violista da gamba <strong>Vittorio Ghielmi <\/strong>accoster\u00e0 lo <em>Stabat Mater<\/em> di Alessandro Scarlatti all\u2019omonima composizione dell\u2019estone Arvo P\u00e4rt, il pi\u00f9 eseguito fra i compositori contemporanei.<\/p><p><em>Impressions Parisiennes<\/em> \u00e8 il titolo del concerto del pregevole <strong>Quatuor Van Kuijk<\/strong>, giovane quartetto d\u2019archi transalpino che celebrer\u00e0 la ricchezza e l&#8217;eleganza del repertorio francese attraverso trascrizioni di Ravel, Poulenc e Faur\u00e9, eseguendo anche composizioni originali di Baptiste Trotignon (marted\u00ec 26, Stresa Festival Hall).<\/p><p>Il magistrale violinista lettone <strong>Gidon Kremer<\/strong> proporr\u00e0 quindi, insieme al suo ensemble Kremerata Baltica, brani di Bach, \u0160ostakovi\u010d, P\u00e4rt a Schubert, con composizioni contemporanee dedicate al grande autore viennese (27 agosto, Stresa Festival Hall).<\/p><p>E poi: <strong>Simone Rubino<\/strong>, specialista della marimba<strong>, <\/strong>doner\u00e0 sonorit\u00e0 inedite con il suo strumento a brani di Bach, Vivaldi e Rameau (gioved\u00ec 28 nel Salone Nuovo di Palazzo Borromeo sull\u2019Isola Bella), mentre il pianista americano <strong>Conrad Tao<\/strong> getter\u00e0 un ponte fra Europa e America suonando, tra gli altri, pezzi di Schumann e Rachmaninov, canzoni immortali come \u201cOver The Rainbow\u201d e gemme di Billy Strayhorn, braccio destro di Duke Ellington (30 agosto, Stresa Festival Hall). Sponsor della serata: Intesa Sanpaolo.<\/p><p>L\u2019ultimo giorno di agosto (Chiesa di San Donato a Carpugnino) avr\u00e0 una dedica speciale a Luciano Berio, nel centenario della nascita, con l\u2019esecuzione, da parte di un ensemble che includer\u00e0 il soprano <strong>Lucia Cortese<\/strong> e il violoncellista <strong>Mauro Valli<\/strong>, delle celebri <em>Folk Songs<\/em> scritte dal compositore ligure. A rendere ancor pi\u00f9 stimolante il concerto, sar\u00e0 l\u2019accostamento con una selezione delle <em>Scottish &amp; Welsh folksongs<\/em> di Haydn.<\/p><p><strong>Marted\u00ec 2 e mercoled\u00ec 3 settembre si torner\u00e0 all\u2019Isola dei Pescatori: <\/strong>in questa cornice particolare andr\u00e0 in scena il <em>Don Giovanni<\/em> di Mozart, in una versione dell\u2019epoca per quartetto d\u2019archi con la riduzione drammaturgica del regista <strong>Gianmaria Aliverta<\/strong>, artefice di un nuovo modo di fare opera. Gioved\u00ec 4 settembre si far\u00e0 quindi tappa alla Villa Ponti di Arona in occasione del concerto del fenomenale violinista russo <strong>Dmitry Smirnov<\/strong>, in coppia con il chitarrista <strong>Luca Pianca<\/strong>; in programma sonate e capricci di Paganini. Venerd\u00ec 5 il pianista e clavicembalista <strong>Anthony Romaniuk <\/strong>sar\u00e0 poi protagonista di un concerto negli spazi della logistica di Herno a Lesa, avvalendosi anche di tastiere elettriche: un viaggio fra autori e stili diversissimi tra loro, da Bach a Satie, da Stravinskij a Philip Glass, da Purcell alla Penguin Cafe Orchestra.<\/p><p>Stresa Festival 2025 si concluder\u00e0 sabato 6 settembre (Stresa Festival Hall) ospitando una delle compagini orchestrali pi\u00f9 prestigiose al mondo, la <strong>London Symphony Orchestra<\/strong> diretta da <strong>Antonio Pappano<\/strong>: la <em>Sinfonia n. 9 in mi bem. magg. op. 70 <\/em>di \u0160ostakovi\u010d e la <em>Sinfonia n. 5 in do min. op. 67<\/em> di Beethoven saranno intervallate dal <em>Concerto per violoncello e orchestra in la min. op. 129<\/em> di Schumann, nella trascrizione di \u0160ostakovi\u010d, di rara esecuzione, con la partecipazione di <strong>Mario Brunello<\/strong> al violoncello. Sponsor della serata: Herno.<\/p><p>Infine, Stresa Festival \u00e8 da sempre musica ma anche parole, grazie ad approfondimenti di specifiche opere musicali: marted\u00ec 19 agosto, <strong>Luca Mosca<\/strong> racconter\u00e0 \u201c<em>I sei concerti Brandeburghesi<\/em>\u201d, mentre sabato 6 settembre <strong>Alberto Batisti<\/strong> si soffermer\u00e0 sulla <em>Quinta Sinfonia<\/em> di Beethoven.<\/p>\t\t\t\t\t\t\t\t<\/div>\n\t\t\t\t<\/div>\n\t\t\t\t\t<\/div>\n\t\t<\/div>\n\t\t\t\t\t<\/div>\n\t\t<\/section>\n\t\t<div class=\"elementor-element elementor-element-e289543 e-flex e-con-boxed e-con e-parent\" data-id=\"e289543\" data-element_type=\"container\">\n\t\t\t\t\t<div class=\"e-con-inner\">\n\t\t<div class=\"elementor-element elementor-element-ecb803e e-con-full e-flex e-con e-child\" data-id=\"ecb803e\" data-element_type=\"container\">\n\t\t\t\t<div class=\"elementor-element elementor-element-9628966 elementor-widget elementor-widget-image\" data-id=\"9628966\" data-element_type=\"widget\" data-widget_type=\"image.default\">\n\t\t\t\t<div class=\"elementor-widget-container\">\n\t\t\t\t\t\t\t\t\t\t\t\t\t\t\t<img decoding=\"async\" width=\"683\" height=\"1024\" src=\"https:\/\/www.stresafestival.eu\/wp-content\/uploads\/2025\/04\/stresafestival-25-20250719-Anna-Carla-Maza-4-@ACMGlobalMusic_EduardoRosales-683x1024.jpeg\" class=\"attachment-large size-large wp-image-37996\" alt=\"\" srcset=\"https:\/\/www.stresafestival.eu\/wp-content\/uploads\/2025\/04\/stresafestival-25-20250719-Anna-Carla-Maza-4-@ACMGlobalMusic_EduardoRosales-683x1024.jpeg 683w, https:\/\/www.stresafestival.eu\/wp-content\/uploads\/2025\/04\/stresafestival-25-20250719-Anna-Carla-Maza-4-@ACMGlobalMusic_EduardoRosales-200x300.jpeg 200w, https:\/\/www.stresafestival.eu\/wp-content\/uploads\/2025\/04\/stresafestival-25-20250719-Anna-Carla-Maza-4-@ACMGlobalMusic_EduardoRosales-768x1152.jpeg 768w, https:\/\/www.stresafestival.eu\/wp-content\/uploads\/2025\/04\/stresafestival-25-20250719-Anna-Carla-Maza-4-@ACMGlobalMusic_EduardoRosales-1024x1536.jpeg 1024w, https:\/\/www.stresafestival.eu\/wp-content\/uploads\/2025\/04\/stresafestival-25-20250719-Anna-Carla-Maza-4-@ACMGlobalMusic_EduardoRosales.jpeg 1067w\" sizes=\"(max-width: 683px) 100vw, 683px\" \/>\t\t\t\t\t\t\t\t\t\t\t\t\t\t\t<\/div>\n\t\t\t\t<\/div>\n\t\t\t\t<\/div>\n\t\t<div class=\"elementor-element elementor-element-a2a48f0 e-con-full e-flex e-con e-child\" data-id=\"a2a48f0\" data-element_type=\"container\">\n\t\t<div class=\"elementor-element elementor-element-a57a8f6 e-con-full e-flex e-con e-child\" data-id=\"a57a8f6\" data-element_type=\"container\">\n\t\t\t\t<div class=\"elementor-element elementor-element-32ea508 elementor-widget elementor-widget-image\" data-id=\"32ea508\" data-element_type=\"widget\" data-widget_type=\"image.default\">\n\t\t\t\t<div class=\"elementor-widget-container\">\n\t\t\t\t\t\t\t\t\t\t\t\t\t\t\t<img decoding=\"async\" width=\"1024\" height=\"683\" src=\"https:\/\/www.stresafestival.eu\/wp-content\/uploads\/2025\/04\/stresafestival-25-20250718-Pacific-Quintet-1-1024x683.jpg\" class=\"attachment-large size-large wp-image-38019\" alt=\"\" srcset=\"https:\/\/www.stresafestival.eu\/wp-content\/uploads\/2025\/04\/stresafestival-25-20250718-Pacific-Quintet-1-1024x683.jpg 1024w, https:\/\/www.stresafestival.eu\/wp-content\/uploads\/2025\/04\/stresafestival-25-20250718-Pacific-Quintet-1-300x200.jpg 300w, https:\/\/www.stresafestival.eu\/wp-content\/uploads\/2025\/04\/stresafestival-25-20250718-Pacific-Quintet-1-768x512.jpg 768w, https:\/\/www.stresafestival.eu\/wp-content\/uploads\/2025\/04\/stresafestival-25-20250718-Pacific-Quintet-1.jpg 1440w\" sizes=\"(max-width: 1024px) 100vw, 1024px\" \/>\t\t\t\t\t\t\t\t\t\t\t\t\t\t\t<\/div>\n\t\t\t\t<\/div>\n\t\t\t\t<\/div>\n\t\t<div class=\"elementor-element elementor-element-8072bc3 e-con-full e-flex e-con e-child\" data-id=\"8072bc3\" data-element_type=\"container\">\n\t\t\t\t<div class=\"elementor-element elementor-element-7a52096 elementor-widget elementor-widget-image\" data-id=\"7a52096\" data-element_type=\"widget\" data-widget_type=\"image.default\">\n\t\t\t\t<div class=\"elementor-widget-container\">\n\t\t\t\t\t\t\t\t\t\t\t\t\t\t\t<img loading=\"lazy\" decoding=\"async\" width=\"800\" height=\"649\" src=\"https:\/\/www.stresafestival.eu\/wp-content\/uploads\/2025\/04\/stresafestival-25-20250725-Richard-Galliano-ph-Vincent-Catala.jpg\" class=\"attachment-large size-large wp-image-39013\" alt=\"\" srcset=\"https:\/\/www.stresafestival.eu\/wp-content\/uploads\/2025\/04\/stresafestival-25-20250725-Richard-Galliano-ph-Vincent-Catala.jpg 800w, https:\/\/www.stresafestival.eu\/wp-content\/uploads\/2025\/04\/stresafestival-25-20250725-Richard-Galliano-ph-Vincent-Catala-300x243.jpg 300w, https:\/\/www.stresafestival.eu\/wp-content\/uploads\/2025\/04\/stresafestival-25-20250725-Richard-Galliano-ph-Vincent-Catala-768x623.jpg 768w\" sizes=\"(max-width: 800px) 100vw, 800px\" \/>\t\t\t\t\t\t\t\t\t\t\t\t\t\t\t<\/div>\n\t\t\t\t<\/div>\n\t\t\t\t<\/div>\n\t\t\t\t<\/div>\n\t\t\t\t\t<\/div>\n\t\t\t\t<\/div>\n\t\t\t\t<section class=\"elementor-section elementor-top-section elementor-element elementor-element-78aceccd elementor-section-full_width elementor-section-height-default elementor-section-height-default qodef-elementor-content-no qodef-elementor-stretch-row-no qodef-elementor-overlay-no\" data-id=\"78aceccd\" data-element_type=\"section\">\n\t\t\t\t\t\t<div class=\"elementor-container elementor-column-gap-default\">\n\t\t\t\t\t\t<\/div>\n\t\t<\/section>\n\t\t<div class=\"elementor-element elementor-element-94c6d08 e-flex e-con-boxed e-con e-parent\" data-id=\"94c6d08\" data-element_type=\"container\">\n\t\t\t\t\t<div class=\"e-con-inner\">\n\t\t<div class=\"elementor-element elementor-element-331ec50 e-con-full e-flex e-con e-child\" data-id=\"331ec50\" data-element_type=\"container\">\n\t\t\t\t<div class=\"elementor-element elementor-element-1cac12c elementor-widget elementor-widget-image\" data-id=\"1cac12c\" data-element_type=\"widget\" data-widget_type=\"image.default\">\n\t\t\t\t<div class=\"elementor-widget-container\">\n\t\t\t\t\t\t\t\t\t\t\t\t\t\t\t<img loading=\"lazy\" decoding=\"async\" width=\"1024\" height=\"653\" src=\"https:\/\/www.stresafestival.eu\/wp-content\/uploads\/2025\/04\/stresafestival-25-20250828-Simone-Rubino-2-1024x653.jpg\" class=\"attachment-large size-large wp-image-38268\" alt=\"\" srcset=\"https:\/\/www.stresafestival.eu\/wp-content\/uploads\/2025\/04\/stresafestival-25-20250828-Simone-Rubino-2-1024x653.jpg 1024w, https:\/\/www.stresafestival.eu\/wp-content\/uploads\/2025\/04\/stresafestival-25-20250828-Simone-Rubino-2-300x191.jpg 300w, https:\/\/www.stresafestival.eu\/wp-content\/uploads\/2025\/04\/stresafestival-25-20250828-Simone-Rubino-2-768x490.jpg 768w, https:\/\/www.stresafestival.eu\/wp-content\/uploads\/2025\/04\/stresafestival-25-20250828-Simone-Rubino-2.jpg 1440w\" sizes=\"(max-width: 1024px) 100vw, 1024px\" \/>\t\t\t\t\t\t\t\t\t\t\t\t\t\t\t<\/div>\n\t\t\t\t<\/div>\n\t\t\t\t<\/div>\n\t\t<div class=\"elementor-element elementor-element-e24f72c e-con-full e-flex e-con e-child\" data-id=\"e24f72c\" data-element_type=\"container\">\n\t\t\t\t<div class=\"elementor-element elementor-element-e9d5d63 elementor-widget elementor-widget-image\" data-id=\"e9d5d63\" data-element_type=\"widget\" data-widget_type=\"image.default\">\n\t\t\t\t<div class=\"elementor-widget-container\">\n\t\t\t\t\t\t\t\t\t\t\t\t\t\t\t<img loading=\"lazy\" decoding=\"async\" width=\"1024\" height=\"768\" src=\"https:\/\/www.stresafestival.eu\/wp-content\/uploads\/2025\/04\/stresafestival-25-20250906-LSO-Orchestra-Photo-2022-C-John-Davis-min-1024x768.jpg\" class=\"attachment-large size-large wp-image-37880\" alt=\"\" srcset=\"https:\/\/www.stresafestival.eu\/wp-content\/uploads\/2025\/04\/stresafestival-25-20250906-LSO-Orchestra-Photo-2022-C-John-Davis-min-1024x768.jpg 1024w, https:\/\/www.stresafestival.eu\/wp-content\/uploads\/2025\/04\/stresafestival-25-20250906-LSO-Orchestra-Photo-2022-C-John-Davis-min-300x225.jpg 300w, https:\/\/www.stresafestival.eu\/wp-content\/uploads\/2025\/04\/stresafestival-25-20250906-LSO-Orchestra-Photo-2022-C-John-Davis-min-768x576.jpg 768w, https:\/\/www.stresafestival.eu\/wp-content\/uploads\/2025\/04\/stresafestival-25-20250906-LSO-Orchestra-Photo-2022-C-John-Davis-min.jpg 1200w\" sizes=\"(max-width: 1024px) 100vw, 1024px\" \/>\t\t\t\t\t\t\t\t\t\t\t\t\t\t\t<\/div>\n\t\t\t\t<\/div>\n\t\t\t\t<\/div>\n\t\t<div class=\"elementor-element elementor-element-34f96db e-con-full e-flex e-con e-child\" data-id=\"34f96db\" data-element_type=\"container\">\n\t\t\t\t<div class=\"elementor-element elementor-element-ce4ff1e elementor-widget elementor-widget-image\" data-id=\"ce4ff1e\" data-element_type=\"widget\" data-widget_type=\"image.default\">\n\t\t\t\t<div class=\"elementor-widget-container\">\n\t\t\t\t\t\t\t\t\t\t\t\t\t\t\t<img loading=\"lazy\" decoding=\"async\" width=\"1024\" height=\"740\" src=\"https:\/\/www.stresafestival.eu\/wp-content\/uploads\/2025\/04\/stresafestival-25-20250718-Pacific-Quintet-6-1024x740.jpg\" class=\"attachment-large size-large wp-image-38017\" alt=\"\" srcset=\"https:\/\/www.stresafestival.eu\/wp-content\/uploads\/2025\/04\/stresafestival-25-20250718-Pacific-Quintet-6-1024x740.jpg 1024w, https:\/\/www.stresafestival.eu\/wp-content\/uploads\/2025\/04\/stresafestival-25-20250718-Pacific-Quintet-6-300x217.jpg 300w, https:\/\/www.stresafestival.eu\/wp-content\/uploads\/2025\/04\/stresafestival-25-20250718-Pacific-Quintet-6-768x555.jpg 768w, https:\/\/www.stresafestival.eu\/wp-content\/uploads\/2025\/04\/stresafestival-25-20250718-Pacific-Quintet-6.jpg 1440w\" sizes=\"(max-width: 1024px) 100vw, 1024px\" \/>\t\t\t\t\t\t\t\t\t\t\t\t\t\t\t<\/div>\n\t\t\t\t<\/div>\n\t\t\t\t<\/div>\n\t\t<div class=\"elementor-element elementor-element-ae938f6 e-con-full e-flex e-con e-child\" data-id=\"ae938f6\" data-element_type=\"container\">\n\t\t\t\t<div class=\"elementor-element elementor-element-14d9f14 elementor-widget elementor-widget-image\" data-id=\"14d9f14\" data-element_type=\"widget\" data-widget_type=\"image.default\">\n\t\t\t\t<div class=\"elementor-widget-container\">\n\t\t\t\t\t\t\t\t\t\t\t\t\t\t\t<img loading=\"lazy\" decoding=\"async\" width=\"720\" height=\"720\" src=\"https:\/\/www.stresafestival.eu\/wp-content\/uploads\/2025\/04\/stresafestival-25-20250827-Kremer_Angie-Kremer-Photography-3.jpg\" class=\"attachment-large size-large wp-image-37847\" alt=\"\" srcset=\"https:\/\/www.stresafestival.eu\/wp-content\/uploads\/2025\/04\/stresafestival-25-20250827-Kremer_Angie-Kremer-Photography-3.jpg 720w, https:\/\/www.stresafestival.eu\/wp-content\/uploads\/2025\/04\/stresafestival-25-20250827-Kremer_Angie-Kremer-Photography-3-300x300.jpg 300w, https:\/\/www.stresafestival.eu\/wp-content\/uploads\/2025\/04\/stresafestival-25-20250827-Kremer_Angie-Kremer-Photography-3-150x150.jpg 150w, https:\/\/www.stresafestival.eu\/wp-content\/uploads\/2025\/04\/stresafestival-25-20250827-Kremer_Angie-Kremer-Photography-3-650x650.jpg 650w\" sizes=\"(max-width: 720px) 100vw, 720px\" \/>\t\t\t\t\t\t\t\t\t\t\t\t\t\t\t<\/div>\n\t\t\t\t<\/div>\n\t\t\t\t<\/div>\n\t\t<div class=\"elementor-element elementor-element-5622c0d e-con-full e-flex e-con e-child\" data-id=\"5622c0d\" data-element_type=\"container\">\n\t\t\t\t<div class=\"elementor-element elementor-element-0d69f2b elementor-widget elementor-widget-image\" data-id=\"0d69f2b\" data-element_type=\"widget\" data-widget_type=\"image.default\">\n\t\t\t\t<div class=\"elementor-widget-container\">\n\t\t\t\t\t\t\t\t\t\t\t\t\t\t\t<img loading=\"lazy\" decoding=\"async\" width=\"1024\" height=\"684\" src=\"https:\/\/www.stresafestival.eu\/wp-content\/uploads\/2024\/02\/20230823-Mario-Brunello_ph-simone-cecchetti-violoncello-piccolo-1024x684.jpg\" class=\"attachment-large size-large wp-image-30644\" alt=\"\" srcset=\"https:\/\/www.stresafestival.eu\/wp-content\/uploads\/2024\/02\/20230823-Mario-Brunello_ph-simone-cecchetti-violoncello-piccolo-1024x684.jpg 1024w, https:\/\/www.stresafestival.eu\/wp-content\/uploads\/2024\/02\/20230823-Mario-Brunello_ph-simone-cecchetti-violoncello-piccolo-300x200.jpg 300w, https:\/\/www.stresafestival.eu\/wp-content\/uploads\/2024\/02\/20230823-Mario-Brunello_ph-simone-cecchetti-violoncello-piccolo-768x513.jpg 768w, https:\/\/www.stresafestival.eu\/wp-content\/uploads\/2024\/02\/20230823-Mario-Brunello_ph-simone-cecchetti-violoncello-piccolo.jpg 1200w\" sizes=\"(max-width: 1024px) 100vw, 1024px\" \/>\t\t\t\t\t\t\t\t\t\t\t\t\t\t\t<\/div>\n\t\t\t\t<\/div>\n\t\t\t\t<\/div>\n\t\t\t\t\t<\/div>\n\t\t\t\t<\/div>\n\t\t<div class=\"elementor-element elementor-element-c53b26c e-flex e-con-boxed e-con e-parent\" data-id=\"c53b26c\" data-element_type=\"container\">\n\t\t\t\t\t<div class=\"e-con-inner\">\n\t\t\t\t<div class=\"elementor-element elementor-element-c9eb603 elementor-widget-divider--view-line elementor-widget elementor-widget-divider\" data-id=\"c9eb603\" data-element_type=\"widget\" data-widget_type=\"divider.default\">\n\t\t\t\t<div class=\"elementor-widget-container\">\n\t\t\t\t\t\t\t<div class=\"elementor-divider\">\n\t\t\t<span class=\"elementor-divider-separator\">\n\t\t\t\t\t\t<\/span>\n\t\t<\/div>\n\t\t\t\t\t\t<\/div>\n\t\t\t\t<\/div>\n\t\t\t\t<div class=\"elementor-element elementor-element-acba644 elementor-widget elementor-widget-text-editor\" data-id=\"acba644\" data-element_type=\"widget\" data-widget_type=\"text-editor.default\">\n\t\t\t\t<div class=\"elementor-widget-container\">\n\t\t\t\t\t\t\t\t\t<h6><strong>Il Bosco Claudio Abbado, il concerto degli Amici del Festival e la partnership con Outhere Music.<\/strong><\/h6>\t\t\t\t\t\t\t\t<\/div>\n\t\t\t\t<\/div>\n\t\t\t\t<div class=\"elementor-element elementor-element-7d8fce6 elementor-widget elementor-widget-text-editor\" data-id=\"7d8fce6\" data-element_type=\"widget\" data-widget_type=\"text-editor.default\">\n\t\t\t\t<div class=\"elementor-widget-container\">\n\t\t\t\t\t\t\t\t\t<p>Altra caratteristica del Festival sar\u00e0 l\u2019ecosostenibilit\u00e0: con l\u2019acquisto del biglietto, gli spettatori contribuiranno all\u2019ampliamento del \u201c<strong>Bosco Claudio Abbado<\/strong>\u201d, sorto lo scorso anno all\u2019interno del Parco Campo dei Fiori e realizzato in collaborazione con WOWnature, iniziativa di Etifor | Valuing Nature, azienda di consulenza ambientale spin-off dell\u2019Universit\u00e0 di Padova.<\/p><p><em>Fuorifestival <\/em>il concerto organizzato dagli Amici del Festival: domenica 3 agosto nella Chiesa Parrocchiale di San Maurizio a Gignese, con l\u2019organista <strong>Emanuele Carlo Vianelli<\/strong>.<\/p><p>Anche quest\u2019anno Stresa Festival stringe sodalizio con <strong>Outhere Music<\/strong>, tra i principali produttori indipendenti di musica classica e contemporanea al mondo, per il quale registrano o hanno registrato diversi degli artisti invitati.<\/p>\t\t\t\t\t\t\t\t<\/div>\n\t\t\t\t<\/div>\n\t\t\t\t<div class=\"elementor-element elementor-element-ea89346 elementor-widget-divider--view-line elementor-widget elementor-widget-divider\" data-id=\"ea89346\" data-element_type=\"widget\" data-widget_type=\"divider.default\">\n\t\t\t\t<div class=\"elementor-widget-container\">\n\t\t\t\t\t\t\t<div class=\"elementor-divider\">\n\t\t\t<span class=\"elementor-divider-separator\">\n\t\t\t\t\t\t<\/span>\n\t\t<\/div>\n\t\t\t\t\t\t<\/div>\n\t\t\t\t<\/div>\n\t\t\t\t<div class=\"elementor-element elementor-element-24ee5d5 elementor-widget elementor-widget-text-editor\" data-id=\"24ee5d5\" data-element_type=\"widget\" data-widget_type=\"text-editor.default\">\n\t\t\t\t<div class=\"elementor-widget-container\">\n\t\t\t\t\t\t\t\t\t<h6><strong>I <a href=\"https:\/\/www.stresafestival.eu\/sponsor\/\">sostenitori e gli sponsor<\/a> della 64^ edizione di Stresa Festival!<\/strong><\/h6><p>Un grazie speciale va a tutti i sostenitori e gli sponsor della 64ma edizione di Stresa Festival: <strong>Ministero della Cultura<\/strong>, <strong>Regione Piemonte<\/strong>, <strong>Comune di Stresa<\/strong>; a seguire le <strong>Fondazioni: Cariplo, CRT e Comunitaria VCO-Ente Filantropico<\/strong>.<\/p><p>Il main sponsor di Stresa Festival \u00e8 <strong>Herno<\/strong>.<br \/>Sponsor: <strong>Intesa Sanpaolo<\/strong>.<br \/>I sostenitori Art Bonus sono <strong>Vinavil<\/strong> e <strong>Engel&amp;V\u00f6lkers<\/strong>.<\/p><p>Una menzione speciale va a tutti gli \u201c<strong>Amici del Festival<\/strong>\u201d, da sempre appassionati di musica e ogni edizione sempre pi\u00f9 vicini al Festival. Grazie!<\/p>\t\t\t\t\t\t\t\t<\/div>\n\t\t\t\t<\/div>\n\t\t\t\t<div class=\"elementor-element elementor-element-fe307cd elementor-widget elementor-widget-image\" data-id=\"fe307cd\" data-element_type=\"widget\" data-widget_type=\"image.default\">\n\t\t\t\t<div class=\"elementor-widget-container\">\n\t\t\t\t\t\t\t\t\t\t\t\t\t\t\t<img loading=\"lazy\" decoding=\"async\" width=\"650\" height=\"650\" src=\"https:\/\/www.stresafestival.eu\/wp-content\/uploads\/2025\/05\/MAGGIO4-650x650.jpg\" class=\"attachment-qi_addons_for_elementor_image_size_square size-qi_addons_for_elementor_image_size_square wp-image-39809\" alt=\"\" srcset=\"https:\/\/www.stresafestival.eu\/wp-content\/uploads\/2025\/05\/MAGGIO4-650x650.jpg 650w, https:\/\/www.stresafestival.eu\/wp-content\/uploads\/2025\/05\/MAGGIO4-150x150.jpg 150w, https:\/\/www.stresafestival.eu\/wp-content\/uploads\/2025\/05\/MAGGIO4-1300x1300.jpg 1300w\" sizes=\"(max-width: 650px) 100vw, 650px\" \/>\t\t\t\t\t\t\t\t\t\t\t\t\t\t\t<\/div>\n\t\t\t\t<\/div>\n\t\t\t\t\t<\/div>\n\t\t\t\t<\/div>\n\t\t<div class=\"elementor-element elementor-element-c09ee58 e-flex e-con-boxed e-con e-parent\" data-id=\"c09ee58\" data-element_type=\"container\">\n\t\t\t\t\t<div class=\"e-con-inner\">\n\t\t\t\t<div class=\"elementor-element elementor-element-490d208 elementor-widget-divider--view-line elementor-widget elementor-widget-divider\" data-id=\"490d208\" data-element_type=\"widget\" data-widget_type=\"divider.default\">\n\t\t\t\t<div class=\"elementor-widget-container\">\n\t\t\t\t\t\t\t<div class=\"elementor-divider\">\n\t\t\t<span class=\"elementor-divider-separator\">\n\t\t\t\t\t\t<\/span>\n\t\t<\/div>\n\t\t\t\t\t\t<\/div>\n\t\t\t\t<\/div>\n\t\t\t\t<div class=\"elementor-element elementor-element-d6b6d04 elementor-widget elementor-widget-text-editor\" data-id=\"d6b6d04\" data-element_type=\"widget\" data-widget_type=\"text-editor.default\">\n\t\t\t\t<div class=\"elementor-widget-container\">\n\t\t\t\t\t\t\t\t\t<div><p>La <a href=\"https:\/\/www.stresafestival.eu\/biglietteria\/\" target=\"_blank\" rel=\"noopener\" data-cke-saved-href=\"https:\/\/www.stresafestival.eu\/biglietteria\/\">biglietteria<\/a> si trova in <strong>via Carducci 38 a Stresa<\/strong>.<\/p><p><strong>Orari di apertura al pubblico a partire dall&#8217;8 maggio<\/strong>:<\/p><\/div><ul><li><strong>da luned\u00ec a venerd\u00ec: 10:00 \u2013 13:00<\/strong><\/li><li><strong>nei soli giorni di concerto: 10:00 \u2013 13:00 \/ 15:00 \u2013 17:00<\/strong><strong> compreso sabato e festivi.<\/strong><\/li><\/ul>\t\t\t\t\t\t\t\t<\/div>\n\t\t\t\t<\/div>\n\t\t\t\t\t<\/div>\n\t\t\t\t<\/div>\n\t\t<div class=\"elementor-element elementor-element-0bdb365 e-flex e-con-boxed e-con e-parent\" data-id=\"0bdb365\" data-element_type=\"container\">\n\t\t\t\t\t<div class=\"e-con-inner\">\n\t\t\t\t<div class=\"elementor-element elementor-element-a3c4597 elementor-widget-divider--view-line elementor-widget elementor-widget-divider\" data-id=\"a3c4597\" data-element_type=\"widget\" data-widget_type=\"divider.default\">\n\t\t\t\t<div class=\"elementor-widget-container\">\n\t\t\t\t\t\t\t<div class=\"elementor-divider\">\n\t\t\t<span class=\"elementor-divider-separator\">\n\t\t\t\t\t\t<\/span>\n\t\t<\/div>\n\t\t\t\t\t\t<\/div>\n\t\t\t\t<\/div>\n\t\t\t\t<div class=\"elementor-element elementor-element-19d630c elementor-widget elementor-widget-image\" data-id=\"19d630c\" data-element_type=\"widget\" data-widget_type=\"image.default\">\n\t\t\t\t<div class=\"elementor-widget-container\">\n\t\t\t\t\t\t\t\t\t\t\t\t\t\t\t<img loading=\"lazy\" decoding=\"async\" width=\"300\" height=\"199\" src=\"https:\/\/www.stresafestival.eu\/wp-content\/uploads\/2024\/02\/Logo_Stresa-festival_verticale_nero.svg\" class=\"attachment-medium size-medium wp-image-30494\" alt=\"\" \/>\t\t\t\t\t\t\t\t\t\t\t\t\t\t\t<\/div>\n\t\t\t\t<\/div>\n\t\t\t\t\t<\/div>\n\t\t\t\t<\/div>\n\t\t\t\t<\/div>\n\t\t","protected":false},"excerpt":{"rendered":"<p>Tanti artisti internazionali, tante musiche, tanti suoni, tanti colori, tante sfumature: ancora una volta Stresa Festival si preannuncia ricco e sfaccettato nella sua raffinata configurazione artistica e nella sua preziosa dislocazione ambientale, spaziando dalla musica antica a varie diramazioni sonore contemporanee, jazz incluso, passando attraverso molteplici tradizioni. Dal 17 luglio all\u20191 agosto e dal 19 [&hellip;]<\/p>\n","protected":false},"author":3,"featured_media":39742,"comment_status":"closed","ping_status":"closed","sticky":false,"template":"","format":"standard","meta":{"footnotes":""},"categories":[151,142,286],"tags":[255,173,196,197,198,287],"class_list":["post-39866","post","type-post","status-publish","format-standard","has-post-thumbnail","hentry","category-artists","category-news-en","category-stresa-festival-2025-en","tag-claudio-abbado-en","tag-green-en","tag-lago-maggiore-en","tag-stresa-en","tag-stresa-festival-en","tag-stresa-festival-2025-en"],"yoast_head":"<!-- This site is optimized with the Yoast SEO plugin v27.4 - https:\/\/yoast.com\/product\/yoast-seo-wordpress\/ -->\n<title>Stresa Festival: la quarta isola del Lago Maggiore. - Stresa Festival Classica &amp; Jazz Lago Maggiore<\/title>\n<meta name=\"robots\" content=\"index, follow, max-snippet:-1, max-image-preview:large, max-video-preview:-1\" \/>\n<link rel=\"canonical\" href=\"https:\/\/www.stresafestival.eu\/en\/stresa-festival-la-quarta-isola-del-lago-maggiore\/\" \/>\n<meta property=\"og:locale\" content=\"en_US\" \/>\n<meta property=\"og:type\" content=\"article\" \/>\n<meta property=\"og:title\" content=\"Stresa Festival: la quarta isola del Lago Maggiore. - Stresa Festival Classica &amp; Jazz Lago Maggiore\" \/>\n<meta property=\"og:description\" content=\"Tanti artisti internazionali, tante musiche, tanti suoni, tanti colori, tante sfumature: ancora una volta Stresa Festival si preannuncia ricco e sfaccettato nella sua raffinata configurazione artistica e nella sua preziosa dislocazione ambientale, spaziando dalla musica antica a varie diramazioni sonore contemporanee, jazz incluso, passando attraverso molteplici tradizioni. Dal 17 luglio all\u20191 agosto e dal 19 [&hellip;]\" \/>\n<meta property=\"og:url\" content=\"https:\/\/www.stresafestival.eu\/en\/stresa-festival-la-quarta-isola-del-lago-maggiore\/\" \/>\n<meta property=\"og:site_name\" content=\"Stresa Festival Classica &amp; Jazz Lago Maggiore\" \/>\n<meta property=\"article:published_time\" content=\"2025-05-08T09:21:17+00:00\" \/>\n<meta property=\"article:modified_time\" content=\"2025-07-19T13:06:44+00:00\" \/>\n<meta property=\"og:image\" content=\"https:\/\/www.stresafestival.eu\/wp-content\/uploads\/2025\/05\/VT_700x700.jpg\" \/>\n\t<meta property=\"og:image:width\" content=\"700\" \/>\n\t<meta property=\"og:image:height\" content=\"700\" \/>\n\t<meta property=\"og:image:type\" content=\"image\/jpeg\" \/>\n<meta name=\"author\" content=\"Stresa Festival\" \/>\n<meta name=\"twitter:card\" content=\"summary_large_image\" \/>\n<meta name=\"twitter:label1\" content=\"Written by\" \/>\n\t<meta name=\"twitter:data1\" content=\"Stresa Festival\" \/>\n\t<meta name=\"twitter:label2\" content=\"Est. reading time\" \/>\n\t<meta name=\"twitter:data2\" content=\"12 minutes\" \/>\n<script type=\"application\/ld+json\" class=\"yoast-schema-graph\">{\"@context\":\"https:\\\/\\\/schema.org\",\"@graph\":[{\"@type\":\"Article\",\"@id\":\"https:\\\/\\\/www.stresafestival.eu\\\/en\\\/stresa-festival-la-quarta-isola-del-lago-maggiore\\\/#article\",\"isPartOf\":{\"@id\":\"https:\\\/\\\/www.stresafestival.eu\\\/en\\\/stresa-festival-la-quarta-isola-del-lago-maggiore\\\/\"},\"author\":{\"name\":\"Stresa Festival\",\"@id\":\"https:\\\/\\\/www.stresafestival.eu\\\/en\\\/#\\\/schema\\\/person\\\/12c189759d7542a9da6327e2aadcd96b\"},\"headline\":\"Stresa Festival: la quarta isola del Lago Maggiore.\",\"datePublished\":\"2025-05-08T09:21:17+00:00\",\"dateModified\":\"2025-07-19T13:06:44+00:00\",\"mainEntityOfPage\":{\"@id\":\"https:\\\/\\\/www.stresafestival.eu\\\/en\\\/stresa-festival-la-quarta-isola-del-lago-maggiore\\\/\"},\"wordCount\":1790,\"image\":{\"@id\":\"https:\\\/\\\/www.stresafestival.eu\\\/en\\\/stresa-festival-la-quarta-isola-del-lago-maggiore\\\/#primaryimage\"},\"thumbnailUrl\":\"https:\\\/\\\/www.stresafestival.eu\\\/wp-content\\\/uploads\\\/2025\\\/05\\\/VT_700x700.jpg\",\"keywords\":[\"Claudio Abbado\",\"Green\",\"Lago Maggiore\",\"Stresa\",\"Stresa Festival\",\"Stresa Festival 2025\"],\"articleSection\":[\"Artists\",\"News\",\"Stresa Festival 2025\"],\"inLanguage\":\"en-US\"},{\"@type\":\"WebPage\",\"@id\":\"https:\\\/\\\/www.stresafestival.eu\\\/en\\\/stresa-festival-la-quarta-isola-del-lago-maggiore\\\/\",\"url\":\"https:\\\/\\\/www.stresafestival.eu\\\/en\\\/stresa-festival-la-quarta-isola-del-lago-maggiore\\\/\",\"name\":\"Stresa Festival: la quarta isola del Lago Maggiore. - Stresa Festival Classica &amp; Jazz Lago Maggiore\",\"isPartOf\":{\"@id\":\"https:\\\/\\\/www.stresafestival.eu\\\/en\\\/#website\"},\"primaryImageOfPage\":{\"@id\":\"https:\\\/\\\/www.stresafestival.eu\\\/en\\\/stresa-festival-la-quarta-isola-del-lago-maggiore\\\/#primaryimage\"},\"image\":{\"@id\":\"https:\\\/\\\/www.stresafestival.eu\\\/en\\\/stresa-festival-la-quarta-isola-del-lago-maggiore\\\/#primaryimage\"},\"thumbnailUrl\":\"https:\\\/\\\/www.stresafestival.eu\\\/wp-content\\\/uploads\\\/2025\\\/05\\\/VT_700x700.jpg\",\"datePublished\":\"2025-05-08T09:21:17+00:00\",\"dateModified\":\"2025-07-19T13:06:44+00:00\",\"author\":{\"@id\":\"https:\\\/\\\/www.stresafestival.eu\\\/en\\\/#\\\/schema\\\/person\\\/12c189759d7542a9da6327e2aadcd96b\"},\"breadcrumb\":{\"@id\":\"https:\\\/\\\/www.stresafestival.eu\\\/en\\\/stresa-festival-la-quarta-isola-del-lago-maggiore\\\/#breadcrumb\"},\"inLanguage\":\"en-US\",\"potentialAction\":[{\"@type\":\"ReadAction\",\"target\":[\"https:\\\/\\\/www.stresafestival.eu\\\/en\\\/stresa-festival-la-quarta-isola-del-lago-maggiore\\\/\"]}]},{\"@type\":\"ImageObject\",\"inLanguage\":\"en-US\",\"@id\":\"https:\\\/\\\/www.stresafestival.eu\\\/en\\\/stresa-festival-la-quarta-isola-del-lago-maggiore\\\/#primaryimage\",\"url\":\"https:\\\/\\\/www.stresafestival.eu\\\/wp-content\\\/uploads\\\/2025\\\/05\\\/VT_700x700.jpg\",\"contentUrl\":\"https:\\\/\\\/www.stresafestival.eu\\\/wp-content\\\/uploads\\\/2025\\\/05\\\/VT_700x700.jpg\",\"width\":700,\"height\":700},{\"@type\":\"BreadcrumbList\",\"@id\":\"https:\\\/\\\/www.stresafestival.eu\\\/en\\\/stresa-festival-la-quarta-isola-del-lago-maggiore\\\/#breadcrumb\",\"itemListElement\":[{\"@type\":\"ListItem\",\"position\":1,\"name\":\"Home\",\"item\":\"https:\\\/\\\/www.stresafestival.eu\\\/en\\\/\"},{\"@type\":\"ListItem\",\"position\":2,\"name\":\"Stresa Festival: la quarta isola del Lago Maggiore.\"}]},{\"@type\":\"WebSite\",\"@id\":\"https:\\\/\\\/www.stresafestival.eu\\\/en\\\/#website\",\"url\":\"https:\\\/\\\/www.stresafestival.eu\\\/en\\\/\",\"name\":\"Stresa Festival Classica &amp; Jazz Lago Maggiore\",\"description\":\"Festival di Musica Classica &amp; Jazz a Stresa sul Lago Maggiore\",\"potentialAction\":[{\"@type\":\"SearchAction\",\"target\":{\"@type\":\"EntryPoint\",\"urlTemplate\":\"https:\\\/\\\/www.stresafestival.eu\\\/en\\\/?s={search_term_string}\"},\"query-input\":{\"@type\":\"PropertyValueSpecification\",\"valueRequired\":true,\"valueName\":\"search_term_string\"}}],\"inLanguage\":\"en-US\"},{\"@type\":\"Person\",\"@id\":\"https:\\\/\\\/www.stresafestival.eu\\\/en\\\/#\\\/schema\\\/person\\\/12c189759d7542a9da6327e2aadcd96b\",\"name\":\"Stresa Festival\",\"image\":{\"@type\":\"ImageObject\",\"inLanguage\":\"en-US\",\"@id\":\"https:\\\/\\\/secure.gravatar.com\\\/avatar\\\/d738d3b1edb62c9293106e96dde73796429d156047129a130b65c203740bcc7c?s=96&d=mm&r=g\",\"url\":\"https:\\\/\\\/secure.gravatar.com\\\/avatar\\\/d738d3b1edb62c9293106e96dde73796429d156047129a130b65c203740bcc7c?s=96&d=mm&r=g\",\"contentUrl\":\"https:\\\/\\\/secure.gravatar.com\\\/avatar\\\/d738d3b1edb62c9293106e96dde73796429d156047129a130b65c203740bcc7c?s=96&d=mm&r=g\",\"caption\":\"Stresa Festival\"},\"url\":\"https:\\\/\\\/www.stresafestival.eu\\\/en\\\/author\\\/comunicazionestresafestival-eu\\\/\"}]}<\/script>\n<!-- \/ Yoast SEO plugin. -->","yoast_head_json":{"title":"Stresa Festival: la quarta isola del Lago Maggiore. - Stresa Festival Classica &amp; Jazz Lago Maggiore","robots":{"index":"index","follow":"follow","max-snippet":"max-snippet:-1","max-image-preview":"max-image-preview:large","max-video-preview":"max-video-preview:-1"},"canonical":"https:\/\/www.stresafestival.eu\/en\/stresa-festival-la-quarta-isola-del-lago-maggiore\/","og_locale":"en_US","og_type":"article","og_title":"Stresa Festival: la quarta isola del Lago Maggiore. - Stresa Festival Classica &amp; Jazz Lago Maggiore","og_description":"Tanti artisti internazionali, tante musiche, tanti suoni, tanti colori, tante sfumature: ancora una volta Stresa Festival si preannuncia ricco e sfaccettato nella sua raffinata configurazione artistica e nella sua preziosa dislocazione ambientale, spaziando dalla musica antica a varie diramazioni sonore contemporanee, jazz incluso, passando attraverso molteplici tradizioni. Dal 17 luglio all\u20191 agosto e dal 19 [&hellip;]","og_url":"https:\/\/www.stresafestival.eu\/en\/stresa-festival-la-quarta-isola-del-lago-maggiore\/","og_site_name":"Stresa Festival Classica &amp; Jazz Lago Maggiore","article_published_time":"2025-05-08T09:21:17+00:00","article_modified_time":"2025-07-19T13:06:44+00:00","og_image":[{"width":700,"height":700,"url":"https:\/\/www.stresafestival.eu\/wp-content\/uploads\/2025\/05\/VT_700x700.jpg","type":"image\/jpeg"}],"author":"Stresa Festival","twitter_card":"summary_large_image","twitter_misc":{"Written by":"Stresa Festival","Est. reading time":"12 minutes"},"schema":{"@context":"https:\/\/schema.org","@graph":[{"@type":"Article","@id":"https:\/\/www.stresafestival.eu\/en\/stresa-festival-la-quarta-isola-del-lago-maggiore\/#article","isPartOf":{"@id":"https:\/\/www.stresafestival.eu\/en\/stresa-festival-la-quarta-isola-del-lago-maggiore\/"},"author":{"name":"Stresa Festival","@id":"https:\/\/www.stresafestival.eu\/en\/#\/schema\/person\/12c189759d7542a9da6327e2aadcd96b"},"headline":"Stresa Festival: la quarta isola del Lago Maggiore.","datePublished":"2025-05-08T09:21:17+00:00","dateModified":"2025-07-19T13:06:44+00:00","mainEntityOfPage":{"@id":"https:\/\/www.stresafestival.eu\/en\/stresa-festival-la-quarta-isola-del-lago-maggiore\/"},"wordCount":1790,"image":{"@id":"https:\/\/www.stresafestival.eu\/en\/stresa-festival-la-quarta-isola-del-lago-maggiore\/#primaryimage"},"thumbnailUrl":"https:\/\/www.stresafestival.eu\/wp-content\/uploads\/2025\/05\/VT_700x700.jpg","keywords":["Claudio Abbado","Green","Lago Maggiore","Stresa","Stresa Festival","Stresa Festival 2025"],"articleSection":["Artists","News","Stresa Festival 2025"],"inLanguage":"en-US"},{"@type":"WebPage","@id":"https:\/\/www.stresafestival.eu\/en\/stresa-festival-la-quarta-isola-del-lago-maggiore\/","url":"https:\/\/www.stresafestival.eu\/en\/stresa-festival-la-quarta-isola-del-lago-maggiore\/","name":"Stresa Festival: la quarta isola del Lago Maggiore. - Stresa Festival Classica &amp; Jazz Lago Maggiore","isPartOf":{"@id":"https:\/\/www.stresafestival.eu\/en\/#website"},"primaryImageOfPage":{"@id":"https:\/\/www.stresafestival.eu\/en\/stresa-festival-la-quarta-isola-del-lago-maggiore\/#primaryimage"},"image":{"@id":"https:\/\/www.stresafestival.eu\/en\/stresa-festival-la-quarta-isola-del-lago-maggiore\/#primaryimage"},"thumbnailUrl":"https:\/\/www.stresafestival.eu\/wp-content\/uploads\/2025\/05\/VT_700x700.jpg","datePublished":"2025-05-08T09:21:17+00:00","dateModified":"2025-07-19T13:06:44+00:00","author":{"@id":"https:\/\/www.stresafestival.eu\/en\/#\/schema\/person\/12c189759d7542a9da6327e2aadcd96b"},"breadcrumb":{"@id":"https:\/\/www.stresafestival.eu\/en\/stresa-festival-la-quarta-isola-del-lago-maggiore\/#breadcrumb"},"inLanguage":"en-US","potentialAction":[{"@type":"ReadAction","target":["https:\/\/www.stresafestival.eu\/en\/stresa-festival-la-quarta-isola-del-lago-maggiore\/"]}]},{"@type":"ImageObject","inLanguage":"en-US","@id":"https:\/\/www.stresafestival.eu\/en\/stresa-festival-la-quarta-isola-del-lago-maggiore\/#primaryimage","url":"https:\/\/www.stresafestival.eu\/wp-content\/uploads\/2025\/05\/VT_700x700.jpg","contentUrl":"https:\/\/www.stresafestival.eu\/wp-content\/uploads\/2025\/05\/VT_700x700.jpg","width":700,"height":700},{"@type":"BreadcrumbList","@id":"https:\/\/www.stresafestival.eu\/en\/stresa-festival-la-quarta-isola-del-lago-maggiore\/#breadcrumb","itemListElement":[{"@type":"ListItem","position":1,"name":"Home","item":"https:\/\/www.stresafestival.eu\/en\/"},{"@type":"ListItem","position":2,"name":"Stresa Festival: la quarta isola del Lago Maggiore."}]},{"@type":"WebSite","@id":"https:\/\/www.stresafestival.eu\/en\/#website","url":"https:\/\/www.stresafestival.eu\/en\/","name":"Stresa Festival Classica &amp; Jazz Lago Maggiore","description":"Festival di Musica Classica &amp; Jazz a Stresa sul Lago Maggiore","potentialAction":[{"@type":"SearchAction","target":{"@type":"EntryPoint","urlTemplate":"https:\/\/www.stresafestival.eu\/en\/?s={search_term_string}"},"query-input":{"@type":"PropertyValueSpecification","valueRequired":true,"valueName":"search_term_string"}}],"inLanguage":"en-US"},{"@type":"Person","@id":"https:\/\/www.stresafestival.eu\/en\/#\/schema\/person\/12c189759d7542a9da6327e2aadcd96b","name":"Stresa Festival","image":{"@type":"ImageObject","inLanguage":"en-US","@id":"https:\/\/secure.gravatar.com\/avatar\/d738d3b1edb62c9293106e96dde73796429d156047129a130b65c203740bcc7c?s=96&d=mm&r=g","url":"https:\/\/secure.gravatar.com\/avatar\/d738d3b1edb62c9293106e96dde73796429d156047129a130b65c203740bcc7c?s=96&d=mm&r=g","contentUrl":"https:\/\/secure.gravatar.com\/avatar\/d738d3b1edb62c9293106e96dde73796429d156047129a130b65c203740bcc7c?s=96&d=mm&r=g","caption":"Stresa Festival"},"url":"https:\/\/www.stresafestival.eu\/en\/author\/comunicazionestresafestival-eu\/"}]}},"_links":{"self":[{"href":"https:\/\/www.stresafestival.eu\/en\/wp-json\/wp\/v2\/posts\/39866","targetHints":{"allow":["GET"]}}],"collection":[{"href":"https:\/\/www.stresafestival.eu\/en\/wp-json\/wp\/v2\/posts"}],"about":[{"href":"https:\/\/www.stresafestival.eu\/en\/wp-json\/wp\/v2\/types\/post"}],"author":[{"embeddable":true,"href":"https:\/\/www.stresafestival.eu\/en\/wp-json\/wp\/v2\/users\/3"}],"replies":[{"embeddable":true,"href":"https:\/\/www.stresafestival.eu\/en\/wp-json\/wp\/v2\/comments?post=39866"}],"version-history":[{"count":1,"href":"https:\/\/www.stresafestival.eu\/en\/wp-json\/wp\/v2\/posts\/39866\/revisions"}],"predecessor-version":[{"id":40942,"href":"https:\/\/www.stresafestival.eu\/en\/wp-json\/wp\/v2\/posts\/39866\/revisions\/40942"}],"wp:featuredmedia":[{"embeddable":true,"href":"https:\/\/www.stresafestival.eu\/en\/wp-json\/wp\/v2\/media\/39742"}],"wp:attachment":[{"href":"https:\/\/www.stresafestival.eu\/en\/wp-json\/wp\/v2\/media?parent=39866"}],"wp:term":[{"taxonomy":"category","embeddable":true,"href":"https:\/\/www.stresafestival.eu\/en\/wp-json\/wp\/v2\/categories?post=39866"},{"taxonomy":"post_tag","embeddable":true,"href":"https:\/\/www.stresafestival.eu\/en\/wp-json\/wp\/v2\/tags?post=39866"}],"curies":[{"name":"wp","href":"https:\/\/api.w.org\/{rel}","templated":true}]}}